{"id":27294,"date":"2021-10-12T09:11:04","date_gmt":"2021-10-12T14:11:04","guid":{"rendered":"https:\/\/nvnoticias.mx\/?p=27294"},"modified":"2021-10-12T09:11:05","modified_gmt":"2021-10-12T14:11:05","slug":"llega-a-veracruz-el-tour-de-cine-frances","status":"publish","type":"post","link":"https:\/\/nvnoticias.mx\/index.php\/2021\/10\/12\/llega-a-veracruz-el-tour-de-cine-frances\/","title":{"rendered":"Llega a Veracruz el Tour de Cine Franc\u00e9s"},"content":{"rendered":"\n<p><strong>Jes\u00fas&nbsp;Utrilla&nbsp;| NV Noticias<\/strong>&nbsp;<\/p>\n\n\n\n<p>Veracruz. \u2013&nbsp; Con la proyecci\u00f3n de siete pel\u00edculas francesas, el 14 de octubre llega a Veracruz el Tour De Cine Franc\u00e9s.&nbsp;<\/p>\n\n\n\n<p>Olivier Girard&nbsp;Grat, presidente de la Alianza Francesa en Veracruz, dijo que las pel\u00edculas se presentar\u00e1n en 73 ciudades de la Rep\u00fablica Mexicana de forma simult\u00e1nea.&nbsp;<\/p>\n\n\n\n<p>Afirm\u00f3 que las salas de cine contar\u00e1n con estrictas medidas sanitarias de limpieza y desinfecci\u00f3n, adem\u00e1s de la sana distancia, el uso de cubre bocas y la renovaci\u00f3n del aire para la tranquilidad y seguridad de todos los espectadores y empleados.&nbsp;<\/p>\n\n\n\n<blockquote class=\"wp-block-quote is-layout-flow wp-block-quote-is-layout-flow\"><p>\u201cComo cada a\u00f1o, el p\u00fablico mexicano podr\u00e1 disfrutar de lo mejor de la cinematograf\u00eda contempor\u00e1nea francesa, en su idioma original con subt\u00edtulos en espa\u00f1ol, en el emblem\u00e1tico Tour de Cine Franc\u00e9s\u201d.\u00a0<\/p><\/blockquote>\n\n\n\n<p>Siete cineastas exploran g\u00e9neros como la comedia, el drama y el thriller.&nbsp;<\/p>\n\n\n\n<p>Entre las pel\u00edculas a proyectar est\u00e1n:&nbsp;<\/p>\n\n\n\n<p>Adi\u00f3s, Idiotas, del director Albert&nbsp;Dupontel, quien presentar\u00e1 una divertida comedia llena de aventuras, encuentros y desencuentros protagonizada por el mismo Albert&nbsp;Dupontel, Nicolas&nbsp;Mari\u00e9&nbsp;y&nbsp;Virginie&nbsp;Efira,&nbsp;<\/p>\n\n\n\n<p>La Caja Negra: thriller, dirigida por Yann&nbsp;Gozlan, quien de nuevo hace mancuerna con el actor Pierre&nbsp;Niney, como en la pel\u00edcula&nbsp;Un hombre ideal&nbsp;(de la edici\u00f3n 19 del TCF), tambi\u00e9n cuenta con las actuaciones de Lou de&nbsp;La\u00e2ge&nbsp;y el reconocido actor Andr\u00e9&nbsp;Dussollier.&nbsp;<\/p>\n\n\n\n<p>El hombre del s\u00f3tano, del reconocido director franc\u00e9s Philippe Le Guay. Thriller.&nbsp;<\/p>\n\n\n\n<p>Cuenta la historia de\u00a0Simon\u00a0y H\u00e9l\u00e8ne, una pareja parisina que deciden vender la bodega que tienen en el s\u00f3tano de su edificio. Un hombre de apariencia com\u00fan y corriente se las compra. La situaci\u00f3n se complica cuando el hombre se muda al s\u00f3tano y lo convierte en su residencia permanente.\u00a0<\/p>\n\n\n\n<figure class=\"wp-block-image size-large\"><img loading=\"lazy\" decoding=\"async\" width=\"448\" height=\"640\" src=\"https:\/\/nvnoticias.mx\/wp-content\/uploads\/2021\/10\/CINE-FRANCES-VERACRUZ.jpg\" alt=\"\" class=\"wp-image-27295\" srcset=\"https:\/\/nvnoticias.mx\/wp-content\/uploads\/2021\/10\/CINE-FRANCES-VERACRUZ.jpg 448w, https:\/\/nvnoticias.mx\/wp-content\/uploads\/2021\/10\/CINE-FRANCES-VERACRUZ-210x300.jpg 210w\" sizes=\"auto, (max-width: 448px) 100vw, 448px\" \/><\/figure>\n\n\n\n<p><\/p>\n","protected":false},"excerpt":{"rendered":"<p>Jes\u00fas&nbsp;Utrilla&nbsp;| NV Noticias&nbsp; Veracruz. \u2013&nbsp; Con la proyecci\u00f3n de siete pel\u00edculas francesas, el 14 de octubre llega a Veracruz el Tour De Cine Franc\u00e9s.&nbsp; Olivier Girard&nbsp;Grat, presidente de la Alianza Francesa en Veracruz, dijo que las pel\u00edculas se presentar\u00e1n en 73 ciudades de la Rep\u00fablica Mexicana de forma simult\u00e1nea.&nbsp; Afirm\u00f3 que las salas de cine [&hellip;]<\/p>\n","protected":false},"author":6,"featured_media":27296,"comment_status":"open","ping_status":"open","sticky":false,"template":"","format":"standard","meta":{"_monsterinsights_skip_tracking":false,"_monsterinsights_sitenote_active":false,"_monsterinsights_sitenote_note":"","_monsterinsights_sitenote_category":0,"footnotes":""},"categories":[154],"tags":[6515,180],"class_list":["post-27294","post","type-post","status-publish","format-standard","has-post-thumbnail","hentry","category-veracruz","tag-tour-de-cine-frances","tag-veracruz","wp-image-borders"],"amp_enabled":true,"_links":{"self":[{"href":"https:\/\/nvnoticias.mx\/index.php\/wp-json\/wp\/v2\/posts\/27294","targetHints":{"allow":["GET"]}}],"collection":[{"href":"https:\/\/nvnoticias.mx\/index.php\/wp-json\/wp\/v2\/posts"}],"about":[{"href":"https:\/\/nvnoticias.mx\/index.php\/wp-json\/wp\/v2\/types\/post"}],"author":[{"embeddable":true,"href":"https:\/\/nvnoticias.mx\/index.php\/wp-json\/wp\/v2\/users\/6"}],"replies":[{"embeddable":true,"href":"https:\/\/nvnoticias.mx\/index.php\/wp-json\/wp\/v2\/comments?post=27294"}],"version-history":[{"count":1,"href":"https:\/\/nvnoticias.mx\/index.php\/wp-json\/wp\/v2\/posts\/27294\/revisions"}],"predecessor-version":[{"id":27297,"href":"https:\/\/nvnoticias.mx\/index.php\/wp-json\/wp\/v2\/posts\/27294\/revisions\/27297"}],"wp:featuredmedia":[{"embeddable":true,"href":"https:\/\/nvnoticias.mx\/index.php\/wp-json\/wp\/v2\/media\/27296"}],"wp:attachment":[{"href":"https:\/\/nvnoticias.mx\/index.php\/wp-json\/wp\/v2\/media?parent=27294"}],"wp:term":[{"taxonomy":"category","embeddable":true,"href":"https:\/\/nvnoticias.mx\/index.php\/wp-json\/wp\/v2\/categories?post=27294"},{"taxonomy":"post_tag","embeddable":true,"href":"https:\/\/nvnoticias.mx\/index.php\/wp-json\/wp\/v2\/tags?post=27294"}],"curies":[{"name":"wp","href":"https:\/\/api.w.org\/{rel}","templated":true}]}}