{"id":27027,"date":"2021-10-09T09:09:29","date_gmt":"2021-10-09T14:09:29","guid":{"rendered":"https:\/\/nvnoticias.mx\/?p=27027"},"modified":"2021-10-09T09:09:30","modified_gmt":"2021-10-09T14:09:30","slug":"rescata-a-persona-de-nacionalidad-cubana-en-anton-lizardo","status":"publish","type":"post","link":"https:\/\/nvnoticias.mx\/index.php\/2021\/10\/09\/rescata-a-persona-de-nacionalidad-cubana-en-anton-lizardo\/","title":{"rendered":"Rescata a persona de nacionalidad cubana en Ant\u00f3n Lizardo"},"content":{"rendered":"\n<p>La Secretar\u00eda de Marina-Armada de M\u00e9xico como Autoridad Mar\u00edtima Nacional, en funciones de Guardia Costera, informa a trav\u00e9s de la Primera Regi\u00f3n Naval que, ayer elementos de la Estaci\u00f3n Naval de B\u00fasqueda, Rescate y Vigilancia Mar\u00edtima (ENSAR) de Veracruz, rescataron a una persona en inmediaciones de la playa de Ant\u00f3n Lizardo, Veracruz.&nbsp;&nbsp;<\/p>\n\n\n\n<p>Esta acci\u00f3n se llev\u00f3 a cabo tras recibir una llamada de alertamiento en la ENSAR Veracruz, mediante la cual se report\u00f3 que una moto acu\u00e1tica se encontraba&nbsp;empropelada&nbsp;por un cabo.&nbsp;<\/p>\n\n\n\n<p>Por lo anterior, con el objetivo de salvaguardar la vida humana en el mar, se orden\u00f3 inmediatamente el zarpe de una embarcaci\u00f3n tipo Defender con personal naval al punto se\u00f1alado, donde localizaron a una persona de sexo masculino de nacionalidad cubana, en buen estado de salud, a bordo de citada moto, la cual present\u00f3 una falla mec\u00e1nica provocada por un cabo, ocasionando que la corriente lo abatiera en direcci\u00f3n de las escolleras con dificultad para salir del mar debido al oleaje.&nbsp;&nbsp;<\/p>\n\n\n\n<p>Posteriormente, personal naval procedi\u00f3 a trasladar al rescatado a la costa; as\u00ed mismo, realiz\u00f3 maniobras para remolcar la moto acu\u00e1tica.&nbsp;&nbsp;<\/p>\n\n\n\n<p>Para casos de emergencias en el mar, la Primera Regi\u00f3n Naval pone a disposici\u00f3n de la ciudadan\u00eda el tel\u00e9fono: 297 956 0221.&nbsp;&nbsp;<\/p>\n\n\n\n<p>Asimismo, la Secretar\u00eda de Marina comparte los siguientes n\u00fameros de contacto: 800 (627 4621), 800 MARINA1.&nbsp;<\/p>\n","protected":false},"excerpt":{"rendered":"<p>La Secretar\u00eda de Marina-Armada de M\u00e9xico como Autoridad Mar\u00edtima Nacional, en funciones de Guardia Costera, informa a trav\u00e9s de la Primera Regi\u00f3n Naval que, ayer elementos de la Estaci\u00f3n Naval de B\u00fasqueda, Rescate y Vigilancia Mar\u00edtima (ENSAR) de Veracruz, rescataron a una persona en inmediaciones de la playa de Ant\u00f3n Lizardo, Veracruz.&nbsp;&nbsp; Esta acci\u00f3n se [&hellip;]<\/p>\n","protected":false},"author":6,"featured_media":27028,"comment_status":"open","ping_status":"open","sticky":false,"template":"","format":"standard","meta":{"_monsterinsights_skip_tracking":false,"_monsterinsights_sitenote_active":false,"_monsterinsights_sitenote_note":"","_monsterinsights_sitenote_category":0,"footnotes":""},"categories":[154],"tags":[6453,6454],"class_list":["post-27027","post","type-post","status-publish","format-standard","has-post-thumbnail","hentry","category-veracruz","tag-anton-lizardo","tag-cubano","wp-image-borders"],"amp_enabled":true,"_links":{"self":[{"href":"https:\/\/nvnoticias.mx\/index.php\/wp-json\/wp\/v2\/posts\/27027","targetHints":{"allow":["GET"]}}],"collection":[{"href":"https:\/\/nvnoticias.mx\/index.php\/wp-json\/wp\/v2\/posts"}],"about":[{"href":"https:\/\/nvnoticias.mx\/index.php\/wp-json\/wp\/v2\/types\/post"}],"author":[{"embeddable":true,"href":"https:\/\/nvnoticias.mx\/index.php\/wp-json\/wp\/v2\/users\/6"}],"replies":[{"embeddable":true,"href":"https:\/\/nvnoticias.mx\/index.php\/wp-json\/wp\/v2\/comments?post=27027"}],"version-history":[{"count":1,"href":"https:\/\/nvnoticias.mx\/index.php\/wp-json\/wp\/v2\/posts\/27027\/revisions"}],"predecessor-version":[{"id":27029,"href":"https:\/\/nvnoticias.mx\/index.php\/wp-json\/wp\/v2\/posts\/27027\/revisions\/27029"}],"wp:featuredmedia":[{"embeddable":true,"href":"https:\/\/nvnoticias.mx\/index.php\/wp-json\/wp\/v2\/media\/27028"}],"wp:attachment":[{"href":"https:\/\/nvnoticias.mx\/index.php\/wp-json\/wp\/v2\/media?parent=27027"}],"wp:term":[{"taxonomy":"category","embeddable":true,"href":"https:\/\/nvnoticias.mx\/index.php\/wp-json\/wp\/v2\/categories?post=27027"},{"taxonomy":"post_tag","embeddable":true,"href":"https:\/\/nvnoticias.mx\/index.php\/wp-json\/wp\/v2\/tags?post=27027"}],"curies":[{"name":"wp","href":"https:\/\/api.w.org\/{rel}","templated":true}]}}