{"id":27018,"date":"2021-10-09T08:57:07","date_gmt":"2021-10-09T13:57:07","guid":{"rendered":"https:\/\/nvnoticias.mx\/?p=27018"},"modified":"2021-10-09T08:57:08","modified_gmt":"2021-10-09T13:57:08","slug":"peleador-de-muay-thai-solicita-apoyo","status":"publish","type":"post","link":"https:\/\/nvnoticias.mx\/index.php\/2021\/10\/09\/peleador-de-muay-thai-solicita-apoyo\/","title":{"rendered":"Peleador de Muay Thai solicita apoyo"},"content":{"rendered":"\n<p><strong>Jes\u00fas&nbsp;Utrilla&nbsp;| NV Noticias<\/strong>&nbsp;<\/p>\n\n\n\n<p>Veracruz. \u2013&nbsp; Gustavo Arturo P\u00e9rez Columba, peleador de Muay Thai, pidi\u00f3 apoyo para competir en el nacional de Morelos.&nbsp;<\/p>\n\n\n\n<p>Dijo que por la pandemia y la falta de recursos podr\u00eda perderse la oportunidad de asistir al torneo en Oaxtepec, evento organizado por la CONADE y d\u00f3nde estar\u00edan&nbsp;rankeando&nbsp;ahora que la comisi\u00f3n nacional del deporte ha incluido al muay thai como un deporte ol\u00edmpico.&nbsp;<\/p>\n\n\n\n<p>&#8220;Este 15 y 16 de octubre tenemos un evento nacional donde asistimos 6 compa\u00f1eros y d\u00f3nde el principal organizador es la CONADE, pedimos el apoyo para el traslado o equipo, nosotros estamos dando lo mejor de nosotros&#8221;.&nbsp;<\/p>\n\n\n\n<p>Gustavo es el actual campe\u00f3n nacional, t\u00edtulo defendido por 5 ocasiones consecutivas.&nbsp;<\/p>\n\n\n\n<p>La asistencia al evento le dar\u00e1 la oportunidad de cumplir un sue\u00f1o, representar a Veracruz.&nbsp;<\/p>\n\n\n\n<p>&#8220;Es la oportunidad para nosotros para representar a Veracruz y a M\u00e9xico\u201d.&nbsp;<\/p>\n\n\n\n<p>Desde los 15 a\u00f1os practica este deporte de contacto y hoy a sus 28 a\u00f1os es digno representante de Veracruz.&nbsp;<\/p>\n\n\n\n<p>De sus 101 peleas ha perdido 6 y ganado 70 por&nbsp;nocuat.&nbsp;<\/p>\n\n\n\n<p>Dijo que quien desee apoyarlo puede contactarlo al n\u00famero telef\u00f3nico 2299010553 o por medio de las redes sociales de Facebook @Gustavo &#8220;Bonito P\u00e9rez&#8221; y @Gustavo Kai Muay P\u00e9rez o en&nbsp;instagram&nbsp;@Gustavokaimuay<\/p>\n","protected":false},"excerpt":{"rendered":"<p>Jes\u00fas&nbsp;Utrilla&nbsp;| NV Noticias&nbsp; Veracruz. \u2013&nbsp; Gustavo Arturo P\u00e9rez Columba, peleador de Muay Thai, pidi\u00f3 apoyo para competir en el nacional de Morelos.&nbsp; Dijo que por la pandemia y la falta de recursos podr\u00eda perderse la oportunidad de asistir al torneo en Oaxtepec, evento organizado por la CONADE y d\u00f3nde estar\u00edan&nbsp;rankeando&nbsp;ahora que la comisi\u00f3n nacional del [&hellip;]<\/p>\n","protected":false},"author":6,"featured_media":27020,"comment_status":"open","ping_status":"open","sticky":false,"template":"","format":"standard","meta":{"_monsterinsights_skip_tracking":false,"_monsterinsights_sitenote_active":false,"_monsterinsights_sitenote_note":"","_monsterinsights_sitenote_category":0,"footnotes":""},"categories":[154],"tags":[6450,6449],"class_list":["post-27018","post","type-post","status-publish","format-standard","has-post-thumbnail","hentry","category-veracruz","tag-muay-thai","tag-peleador","wp-image-borders"],"amp_enabled":true,"_links":{"self":[{"href":"https:\/\/nvnoticias.mx\/index.php\/wp-json\/wp\/v2\/posts\/27018","targetHints":{"allow":["GET"]}}],"collection":[{"href":"https:\/\/nvnoticias.mx\/index.php\/wp-json\/wp\/v2\/posts"}],"about":[{"href":"https:\/\/nvnoticias.mx\/index.php\/wp-json\/wp\/v2\/types\/post"}],"author":[{"embeddable":true,"href":"https:\/\/nvnoticias.mx\/index.php\/wp-json\/wp\/v2\/users\/6"}],"replies":[{"embeddable":true,"href":"https:\/\/nvnoticias.mx\/index.php\/wp-json\/wp\/v2\/comments?post=27018"}],"version-history":[{"count":1,"href":"https:\/\/nvnoticias.mx\/index.php\/wp-json\/wp\/v2\/posts\/27018\/revisions"}],"predecessor-version":[{"id":27019,"href":"https:\/\/nvnoticias.mx\/index.php\/wp-json\/wp\/v2\/posts\/27018\/revisions\/27019"}],"wp:featuredmedia":[{"embeddable":true,"href":"https:\/\/nvnoticias.mx\/index.php\/wp-json\/wp\/v2\/media\/27020"}],"wp:attachment":[{"href":"https:\/\/nvnoticias.mx\/index.php\/wp-json\/wp\/v2\/media?parent=27018"}],"wp:term":[{"taxonomy":"category","embeddable":true,"href":"https:\/\/nvnoticias.mx\/index.php\/wp-json\/wp\/v2\/categories?post=27018"},{"taxonomy":"post_tag","embeddable":true,"href":"https:\/\/nvnoticias.mx\/index.php\/wp-json\/wp\/v2\/tags?post=27018"}],"curies":[{"name":"wp","href":"https:\/\/api.w.org\/{rel}","templated":true}]}}