{"id":26813,"date":"2021-10-06T18:45:00","date_gmt":"2021-10-06T23:45:00","guid":{"rendered":"https:\/\/nvnoticias.mx\/?p=26813"},"modified":"2021-10-06T20:40:51","modified_gmt":"2021-10-07T01:40:51","slug":"aunque-80-millones-de-personas-esten-vacunadas-pandemia-en-mexico-seguira-hasta-2022","status":"publish","type":"post","link":"https:\/\/nvnoticias.mx\/index.php\/2021\/10\/06\/aunque-80-millones-de-personas-esten-vacunadas-pandemia-en-mexico-seguira-hasta-2022\/","title":{"rendered":"Aunque 80 millones de personas est\u00e9n vacunadas, pandemia en M\u00e9xico seguir\u00e1 hasta 2022"},"content":{"rendered":"\n<p>La meta del gobierno de M\u00e9xico de vacunar a finales de octubre a al menos 80 millones de habitantes mayores de 18 a\u00f1os contra el covid-19 en absoluto significa que se logr\u00f3 una \u201cinmunidad de reba\u00f1o\u201d, y menos a\u00fan que \u201cla pandemia est\u00e1 o estar\u00e1 domada a nivel local, estatal o de pa\u00eds\u201d, por el contrario, seguir\u00e1 hasta 2022, asegur\u00f3 la Organizaci\u00f3n Panamericana de la Salud (OPS). <\/p>\n\n\n\n<blockquote class=\"wp-block-quote is-layout-flow wp-block-quote-is-layout-flow\"><p>\u201cDe ninguna manera la pandemia est\u00e1 o estar\u00e1 domada a nivel local, estatal o de pa\u00eds mientras el SARSCoV-2 y sus variantes de preocupaci\u00f3n estar\u00e1n circulando en el pa\u00eds, en la regi\u00f3n de las Am\u00e9ricas o a nivel global\u201d.<\/p><\/blockquote>\n\n\n\n<blockquote class=\"wp-block-quote is-layout-flow wp-block-quote-is-layout-flow\"><p>\u201cCasi todos los pa\u00edses de la regi\u00f3n, incluyendo M\u00e9xico, est\u00e1n reportando una transmisi\u00f3n comunitaria y esperamos brotes y situaciones de transmisi\u00f3n alta en muchas \u00e1reas del continente hasta entrando el 2022 o luego\u201d, asegur\u00f3 Sylvain Aldighieri, gerente de Incidente para covid-19 de la OPS.<\/p><\/blockquote>\n\n\n\n<p>Al preguntar si la estrategia del gobierno de M\u00e9xico como parte de la Pol\u00edtica Nacional de Vacunaci\u00f3n de alcanzar el 31 de octubre que toda la poblaci\u00f3n mayor de 18 a\u00f1os, es decir, alrededor de 80 millones, hayan recibido algunas dosis de vacuna contra el covid-19, colocar\u00eda a M\u00e9xico dentro de los pa\u00edses a salvo del virus pand\u00e9mico, la respuesta de la OPS fue que a\u00fan se registran altas tasas de contagio. <\/p>\n\n\n\n<blockquote class=\"wp-block-quote is-layout-flow wp-block-quote-is-layout-flow\"><p>\u201cSi bien, las coberturas vacunales salvan vidas, no debemos de hacer pol\u00edticas de salud p\u00fablica con presunciones o suposiciones, que s\u00ed o no hemos logrado un efecto de reba\u00f1o\u201d, dijo.<\/p><\/blockquote>\n\n\n\n<p>Aldighieri explic\u00f3 que \u201cel concepto de inmunidad de reba\u00f1o podr\u00eda ser malentendida. \u00c9ste es un concepto te\u00f3rico que implica cierta reservas, como por ejemplo, la existencia de una gran poblaci\u00f3n mixta, y esto casi nunca es el caso\u201d, a\u00f1adi\u00f3. <\/p>\n\n\n\n<blockquote class=\"wp-block-quote is-layout-flow wp-block-quote-is-layout-flow\"><p>\u201cLa inmunidad de reba\u00f1o o comunitaria tampoco es un umbral fijo, sino que var\u00eda dependiendo de varios factores, como por ejemplo, cu\u00e1nto interact\u00faen las personas con las variantes y cu\u00e1ntas variantes est\u00e9n circulando. Por eso, no debemos, hacer pol\u00edticas con base en si se ha alcanzado o no la inmunidad de reba\u00f1o; \u00e9sta no es la base para hacer pol\u00edticas de salud p\u00fablicas\u201d, insisti\u00f3.<\/p><\/blockquote>\n\n\n\n<p>La OPS, aclar\u00f3, recomienda que a\u00fan cuando la transmisi\u00f3n comunitaria disminuya en cualquier pa\u00eds, todav\u00eda puede haber brotes en situaciones espec\u00edficas, por ejemplo, eventos y ambientes con hacinamiento que resultan altamente contagiosos. <\/p>\n\n\n\n<p>La cobertura vacunal, sin duda, contribuye a reducir la trasmisi\u00f3n, sin embargo, hasta qu\u00e9 punto reduce ese grado de contagiosidades \u201csigue siendo una pregunta abierta\u201d, principalmente, porque sigue habiendo resistencia a inmunizarse por algunos sectores. <\/p>\n\n\n\n<p>En este contexto, la OPS recomienda a la poblaci\u00f3n vacunarse para protegerse a s\u00ed mismos y evitar consecuencias graves; proteger a otros en su familia, y reforzar las medidas preventivas no farmacol\u00f3gicas, como el uso de cubrebocas, mascarillas, el lavado de manos y evitar aglomeraciones. <\/p>\n\n\n\n<blockquote class=\"wp-block-quote is-layout-flow wp-block-quote-is-layout-flow\"><p>\u201cSe invita a la poblaci\u00f3n a\u00fan no vacunada a que acuda a los centros de vacunaci\u00f3n contra la covid-19 a protegerse a s\u00ed misma\u201d, subray\u00f3.<\/p><\/blockquote>\n\n\n\n<p> Tambi\u00e9n explic\u00f3 que, por ahora, no hay evidencia de un incremento de la influenza estacional en M\u00e9xico. <\/p>\n\n\n\n<blockquote class=\"wp-block-quote is-layout-flow wp-block-quote-is-layout-flow\"><p>\u201cEl sistema de vigilancia centinela est\u00e1 activado, emite informes, los comparte, los canaliza de manera muy fluida con la OPS\u201d, explic\u00f3.<\/p><\/blockquote>\n\n\n\n<p>Por su parte, en conferencia matutina, el presidente Andr\u00e9s Manuel L\u00f3pez Obrador declar\u00f3: <\/p>\n\n\n\n<blockquote class=\"wp-block-quote is-layout-flow wp-block-quote-is-layout-flow\"><p>\u201cS\u00ed podemos reiterar el compromiso de que a finales de octubre van a estar vacunados, aun con una dosis, todos los mexicanos y mexicanas mayores de 18 a\u00f1os. Estamos hablando de cerca de 80 millones de personas para entonces\u201d.<\/p><\/blockquote>\n\n\n\n<p>Ayer, la Direcci\u00f3n General de Epidemiolog\u00eda inform\u00f3 sobre 47 mil 569 casos activos en los \u00faltimos 14 d\u00edas; 279 mil 894 muertes y 3 millones 691 mil 924 casos positivos acumulados desde inicio de la pandemia. <\/p>\n\n\n\n<p>Tambi\u00e9n, dio a conocer que desde el inicio de la Estrategia Nacional de Vacunaci\u00f3n el 24 de diciembre y hasta el 4 de octubre, 65 millones 479 mil 465 personas han sido inmunizadas con al menos una dosis contra covid-19. <\/p>\n\n\n\n<p>El Informe T\u00e9cnico Diario detall\u00f3 que, de ese total, 70 por ciento, que representa 45 millones 714 mil 485, han completado el esquema de vacunaci\u00f3n; el 30 por ciento restante, equivalente a 19 millones 764 mil 980, cuenta con una dosis en tanto se cumple el lapso requerido para recibir la segunda aplicaci\u00f3n. <\/p>\n\n\n\n<p>Con corte a las 21:00 horas de ayer, se aplicaron 383 mil 453 dosis, para un acumulado de 103 millones 829 mil 904 vacunas suministradas a nivel nacional. <\/p>\n\n\n\n<p>Fuente: Milenio <\/p>\n","protected":false},"excerpt":{"rendered":"<p>La meta del gobierno de M\u00e9xico de vacunar a finales de octubre a al menos 80 millones de habitantes mayores de 18 a\u00f1os contra el covid-19 en absoluto significa que se logr\u00f3 una \u201cinmunidad de reba\u00f1o\u201d, y menos a\u00fan que \u201cla pandemia est\u00e1 o estar\u00e1 domada a nivel local, estatal o de pa\u00eds\u201d, por el [&hellip;]<\/p>\n","protected":false},"author":7,"featured_media":17622,"comment_status":"open","ping_status":"open","sticky":false,"template":"","format":"standard","meta":{"_monsterinsights_skip_tracking":false,"_monsterinsights_sitenote_active":false,"_monsterinsights_sitenote_note":"","_monsterinsights_sitenote_category":0,"footnotes":""},"categories":[157],"tags":[175,292,2726,2727,318,162],"class_list":["post-26813","post","type-post","status-publish","format-standard","has-post-thumbnail","hentry","category-nacional","tag-covid-19","tag-mexico","tag-ops","tag-organizacion-panamericana-de-la-salud","tag-pandemia","tag-portada","wp-image-borders"],"amp_enabled":true,"_links":{"self":[{"href":"https:\/\/nvnoticias.mx\/index.php\/wp-json\/wp\/v2\/posts\/26813","targetHints":{"allow":["GET"]}}],"collection":[{"href":"https:\/\/nvnoticias.mx\/index.php\/wp-json\/wp\/v2\/posts"}],"about":[{"href":"https:\/\/nvnoticias.mx\/index.php\/wp-json\/wp\/v2\/types\/post"}],"author":[{"embeddable":true,"href":"https:\/\/nvnoticias.mx\/index.php\/wp-json\/wp\/v2\/users\/7"}],"replies":[{"embeddable":true,"href":"https:\/\/nvnoticias.mx\/index.php\/wp-json\/wp\/v2\/comments?post=26813"}],"version-history":[{"count":1,"href":"https:\/\/nvnoticias.mx\/index.php\/wp-json\/wp\/v2\/posts\/26813\/revisions"}],"predecessor-version":[{"id":26814,"href":"https:\/\/nvnoticias.mx\/index.php\/wp-json\/wp\/v2\/posts\/26813\/revisions\/26814"}],"wp:featuredmedia":[{"embeddable":true,"href":"https:\/\/nvnoticias.mx\/index.php\/wp-json\/wp\/v2\/media\/17622"}],"wp:attachment":[{"href":"https:\/\/nvnoticias.mx\/index.php\/wp-json\/wp\/v2\/media?parent=26813"}],"wp:term":[{"taxonomy":"category","embeddable":true,"href":"https:\/\/nvnoticias.mx\/index.php\/wp-json\/wp\/v2\/categories?post=26813"},{"taxonomy":"post_tag","embeddable":true,"href":"https:\/\/nvnoticias.mx\/index.php\/wp-json\/wp\/v2\/tags?post=26813"}],"curies":[{"name":"wp","href":"https:\/\/api.w.org\/{rel}","templated":true}]}}