{"id":2679,"date":"2021-01-27T19:37:59","date_gmt":"2021-01-28T01:37:59","guid":{"rendered":"https:\/\/nvnoticias.mx\/?p=2679"},"modified":"2021-01-27T19:46:03","modified_gmt":"2021-01-28T01:46:03","slug":"the-flaming-lips-realizan-concierto-en-burbujas-inflables-ante-covid-19","status":"publish","type":"post","link":"https:\/\/nvnoticias.mx\/index.php\/2021\/01\/27\/the-flaming-lips-realizan-concierto-en-burbujas-inflables-ante-covid-19\/","title":{"rendered":"&#8216;The Flaming Lips&#8217; realizan concierto en burbujas inflables ante Covid-19"},"content":{"rendered":"\n<p>La banda de rock estadounidense<strong> &#8216;The Flaming Lips&#8217;<\/strong>, encontr\u00f3 una forma creativa para realizar sus shows en vivo ante la pandemia del <strong>Covid-19<\/strong>: introducirse ellos y su p\u00fablico en<strong> &#8216;burbujas inflables&#8217;<\/strong> protectoras.<\/p>\n\n\n\n<p>La agrupaci\u00f3n llev\u00f3 a cabo dos conciertos el fin de semana en <strong>Oklahoma<\/strong>, donde la audiencia bail\u00f3 dentro de las burbujas pl\u00e1sticas. <\/p>\n\n\n\n<p>Las burbujas ten\u00edan una capacidad para <strong>tres personas m\u00e1ximo<\/strong>, as\u00ed lo comparti\u00f3 v\u00eda <strong>Twitter<\/strong>, el camar\u00f3grafo y fot\u00f3grafo, <strong>Nathan Poppe<\/strong>, agregando que contaban con 100 burbujas.<\/p>\n\n\n\n<p>Los esf\u00e9ricos estaban equipados con una bocina, un ventilador, una botella de agua, una toalla y un letrero para indicar cuando quisieran ir al ba\u00f1o o si ten\u00edan calor y as\u00ed pod\u00edan los encargados llevarlos al ba\u00f1o o rellenarles la burbuja con aire fr\u00edo. <\/p>\n\n\n\n<p>Al estar fuera de las burbujas, <strong>los asistentes deb\u00edan usar cubrebocas<\/strong>, pero estando dentro de ellas pod\u00edan quit\u00e1rselas. <\/p>\n\n\n\n<blockquote class=\"wp-block-quote is-layout-flow wp-block-quote-is-layout-flow\"><p><strong>&#8220;Creo que tenemos mucha suerte de que los aficionados de &#8216;The Flaming Lips&#8217; les guste esta (&#8230;) aventura&#8221;, <\/strong>dijo Wayne Coyne a la BBC.<\/p><\/blockquote>\n\n\n\n<blockquote class=\"wp-block-quote is-layout-flow wp-block-quote-is-layout-flow\"><p><strong>&#8220;No es solo otro concierto (&#8230;) t\u00fa eres parte de esto y nunca se hab\u00eda hecho antes (&#8230;) les gusta mucho que sea diferente&#8221;<\/strong>, agreg\u00f3.<strong> <\/strong><\/p><\/blockquote>\n\n\n\n<p>El grupo realiz\u00f3 el a\u00f1o pasado un show de pr\u00e1ctica, cuando la pandemia a nivel mundial forz\u00f3 la cancelaci\u00f3n o aplazamiento de la mayor\u00eda de conciertos.<\/p>\n\n\n\n<p><em>Fuente: Forbes<\/em><\/p>\n\n\n\n<p><em>Fotograf\u00eda: Blake Studdard <\/em><em><a href=\"http:\/\/www.instagram.com\/atriacreative\">@atriacreative<\/a><\/em><\/p>\n","protected":false},"excerpt":{"rendered":"<p>La banda de rock estadounidense &#8216;The Flaming Lips&#8217;, encontr\u00f3 una forma creativa para realizar sus shows en vivo ante la pandemia del Covid-19: introducirse ellos y su p\u00fablico en &#8216;burbujas inflables&#8217; protectoras. La agrupaci\u00f3n llev\u00f3 a cabo dos conciertos el fin de semana en Oklahoma, donde la audiencia bail\u00f3 dentro de las burbujas pl\u00e1sticas. Las [&hellip;]<\/p>\n","protected":false},"author":7,"featured_media":2678,"comment_status":"open","ping_status":"open","sticky":false,"template":"","format":"standard","meta":{"_monsterinsights_skip_tracking":false,"_monsterinsights_sitenote_active":false,"_monsterinsights_sitenote_note":"","_monsterinsights_sitenote_category":0,"footnotes":""},"categories":[576],"tags":[801,359,175,802,318,800],"class_list":["post-2679","post","type-post","status-publish","format-standard","has-post-thumbnail","hentry","category-ocio","tag-concierto","tag-coronavirus","tag-covid-19","tag-oklahoma","tag-pandemia","tag-the-flaming-lips","wp-image-borders"],"amp_enabled":true,"_links":{"self":[{"href":"https:\/\/nvnoticias.mx\/index.php\/wp-json\/wp\/v2\/posts\/2679","targetHints":{"allow":["GET"]}}],"collection":[{"href":"https:\/\/nvnoticias.mx\/index.php\/wp-json\/wp\/v2\/posts"}],"about":[{"href":"https:\/\/nvnoticias.mx\/index.php\/wp-json\/wp\/v2\/types\/post"}],"author":[{"embeddable":true,"href":"https:\/\/nvnoticias.mx\/index.php\/wp-json\/wp\/v2\/users\/7"}],"replies":[{"embeddable":true,"href":"https:\/\/nvnoticias.mx\/index.php\/wp-json\/wp\/v2\/comments?post=2679"}],"version-history":[{"count":1,"href":"https:\/\/nvnoticias.mx\/index.php\/wp-json\/wp\/v2\/posts\/2679\/revisions"}],"predecessor-version":[{"id":2680,"href":"https:\/\/nvnoticias.mx\/index.php\/wp-json\/wp\/v2\/posts\/2679\/revisions\/2680"}],"wp:featuredmedia":[{"embeddable":true,"href":"https:\/\/nvnoticias.mx\/index.php\/wp-json\/wp\/v2\/media\/2678"}],"wp:attachment":[{"href":"https:\/\/nvnoticias.mx\/index.php\/wp-json\/wp\/v2\/media?parent=2679"}],"wp:term":[{"taxonomy":"category","embeddable":true,"href":"https:\/\/nvnoticias.mx\/index.php\/wp-json\/wp\/v2\/categories?post=2679"},{"taxonomy":"post_tag","embeddable":true,"href":"https:\/\/nvnoticias.mx\/index.php\/wp-json\/wp\/v2\/tags?post=2679"}],"curies":[{"name":"wp","href":"https:\/\/api.w.org\/{rel}","templated":true}]}}