{"id":26759,"date":"2021-10-06T11:36:29","date_gmt":"2021-10-06T16:36:29","guid":{"rendered":"https:\/\/nvnoticias.mx\/?p=26759"},"modified":"2021-10-06T11:36:30","modified_gmt":"2021-10-06T16:36:30","slug":"secretaria-de-salud-estatal-regreso-a-la-federacion-237-mdp","status":"publish","type":"post","link":"https:\/\/nvnoticias.mx\/index.php\/2021\/10\/06\/secretaria-de-salud-estatal-regreso-a-la-federacion-237-mdp\/","title":{"rendered":"Secretar\u00eda de Salud Estatal regres\u00f3 a la federaci\u00f3n  237 mdp"},"content":{"rendered":"\n<p><strong>Jes\u00fas&nbsp;Utrilla&nbsp;| NV Noticias<\/strong>&nbsp;<\/p>\n\n\n\n<p>Veracruz. \u2013&nbsp;&nbsp;Pese a la situaci\u00f3n de emergencia que viven los veracruzanos la Secretar\u00eda de Salud Estatal incurri\u00f3 en un subejercicio de 237 millones de pesos.&nbsp;<\/p>\n\n\n\n<p>El diputado local electo, Miguel Hermida Copado, explic\u00f3 que dicho recurso corresponde al Fondo de Aportaciones para la Salud.&nbsp;<\/p>\n\n\n\n<p>Acus\u00f3&nbsp;que&nbsp;aunque faltan medicamentos para ni\u00f1os enfermos de c\u00e1ncer, el secretario de Salud, Roberto Ramos Alor, regres\u00f3 a la Federaci\u00f3n dicho dinero.&nbsp;<\/p>\n\n\n\n<p>Por ello, una vez que asuma la curul propondr\u00e1 que se considere como delito grave no aplicar los recursos destinados a la salud de los veracruzanos.&nbsp;<\/p>\n\n\n\n<blockquote class=\"wp-block-quote is-layout-flow wp-block-quote-is-layout-flow\"><p>\u201cHoy que los veracruzanos estamos luchando en contra del COVID-19 es notorio que el Gobierno del Estado no ha destinado recursos a mejorar los servicios de salud y ha dejado en el total abandono a los hospitales y centros de salud de todo el estado\u201d.\u00a0<\/p><\/blockquote>\n\n\n\n<p>Advirti\u00f3 que adem\u00e1s del desabasto de medicamentos y de dejar a los enfermos de c\u00e1ncer sin las medicinas para sus tratamientos, no aplicar\u00e1n las vacunas contra COVID-19 a los adolescentes y j\u00f3venes de entre 12 a 17 a\u00f1os con el argumento de que no alcanzar\u00edan las dosis para los grupos de riesgo.&nbsp;<\/p>\n\n\n\n<blockquote class=\"wp-block-quote is-layout-flow wp-block-quote-is-layout-flow\"><p>\u201cEn la cuenta p\u00fablica del a\u00f1o 2020, a\u00f1o en donde comenz\u00f3 la pandemia, el secretario de Salud de Veracruz regres\u00f3 a la Federaci\u00f3n 237 millones de pesos del Fondo de Aportaciones para la Salud, mismos que hubieran servido para comprar medicamentos,\u00a0darle\u00a0mantenimiento a los hospitales y tener vacunas para nuestros adolescentes que ya regresaron a clases y se encuentran altamente expuestos al virus\u201d.\u00a0<\/p><\/blockquote>\n\n\n\n<p>Conden\u00f3 que se haya devuelto el dinero a la Tesorer\u00eda de la&nbsp;Federaci\u00f3n en&nbsp;lugar de canalizarlo a la salud.&nbsp;<\/p>\n","protected":false},"excerpt":{"rendered":"<p>Jes\u00fas&nbsp;Utrilla&nbsp;| NV Noticias&nbsp; Veracruz. \u2013&nbsp;&nbsp;Pese a la situaci\u00f3n de emergencia que viven los veracruzanos la Secretar\u00eda de Salud Estatal incurri\u00f3 en un subejercicio de 237 millones de pesos.&nbsp; El diputado local electo, Miguel Hermida Copado, explic\u00f3 que dicho recurso corresponde al Fondo de Aportaciones para la Salud.&nbsp; Acus\u00f3&nbsp;que&nbsp;aunque faltan medicamentos para ni\u00f1os enfermos de c\u00e1ncer, [&hellip;]<\/p>\n","protected":false},"author":6,"featured_media":26762,"comment_status":"open","ping_status":"open","sticky":false,"template":"","format":"standard","meta":{"_monsterinsights_skip_tracking":false,"_monsterinsights_sitenote_active":false,"_monsterinsights_sitenote_note":"","_monsterinsights_sitenote_category":0,"footnotes":""},"categories":[154],"tags":[2405,162,1864],"class_list":["post-26759","post","type-post","status-publish","format-standard","has-post-thumbnail","hentry","category-veracruz","tag-federacion","tag-portada","tag-secretaria-salud","wp-image-borders"],"amp_enabled":true,"_links":{"self":[{"href":"https:\/\/nvnoticias.mx\/index.php\/wp-json\/wp\/v2\/posts\/26759","targetHints":{"allow":["GET"]}}],"collection":[{"href":"https:\/\/nvnoticias.mx\/index.php\/wp-json\/wp\/v2\/posts"}],"about":[{"href":"https:\/\/nvnoticias.mx\/index.php\/wp-json\/wp\/v2\/types\/post"}],"author":[{"embeddable":true,"href":"https:\/\/nvnoticias.mx\/index.php\/wp-json\/wp\/v2\/users\/6"}],"replies":[{"embeddable":true,"href":"https:\/\/nvnoticias.mx\/index.php\/wp-json\/wp\/v2\/comments?post=26759"}],"version-history":[{"count":1,"href":"https:\/\/nvnoticias.mx\/index.php\/wp-json\/wp\/v2\/posts\/26759\/revisions"}],"predecessor-version":[{"id":26760,"href":"https:\/\/nvnoticias.mx\/index.php\/wp-json\/wp\/v2\/posts\/26759\/revisions\/26760"}],"wp:featuredmedia":[{"embeddable":true,"href":"https:\/\/nvnoticias.mx\/index.php\/wp-json\/wp\/v2\/media\/26762"}],"wp:attachment":[{"href":"https:\/\/nvnoticias.mx\/index.php\/wp-json\/wp\/v2\/media?parent=26759"}],"wp:term":[{"taxonomy":"category","embeddable":true,"href":"https:\/\/nvnoticias.mx\/index.php\/wp-json\/wp\/v2\/categories?post=26759"},{"taxonomy":"post_tag","embeddable":true,"href":"https:\/\/nvnoticias.mx\/index.php\/wp-json\/wp\/v2\/tags?post=26759"}],"curies":[{"name":"wp","href":"https:\/\/api.w.org\/{rel}","templated":true}]}}