{"id":26674,"date":"2021-10-05T11:54:45","date_gmt":"2021-10-05T16:54:45","guid":{"rendered":"https:\/\/nvnoticias.mx\/?p=26674"},"modified":"2021-10-05T11:54:47","modified_gmt":"2021-10-05T16:54:47","slug":"restauraran-san-juan-de-ulua-y-analizaran-caso-de-la-torre-centro","status":"publish","type":"post","link":"https:\/\/nvnoticias.mx\/index.php\/2021\/10\/05\/restauraran-san-juan-de-ulua-y-analizaran-caso-de-la-torre-centro\/","title":{"rendered":"Restaurar\u00e1n San Juan de Ul\u00faa y analizar\u00e1n caso de la Torre Centro"},"content":{"rendered":"\n<p><strong>Jes\u00fas&nbsp;Utrilla&nbsp;| NV Noticias<\/strong>&nbsp;<\/p>\n\n\n\n<p>Veracruz. \u2013&nbsp;&nbsp;&nbsp;El presidente Andr\u00e9s Manuel L\u00f3pez Obrador, anunci\u00f3 el mantenimiento integral de San Juan de Ul\u00faa.&nbsp;<\/p>\n\n\n\n<p>En el Museo Naval de Veracruz, en su conferencia ma\u00f1anera, se refiri\u00f3 a la Torre Centro e insisti\u00f3 en que su altura es muy superior a la de los edificios del casco antiguo de la ciudad.&nbsp;<\/p>\n\n\n\n<blockquote class=\"wp-block-quote is-layout-flow wp-block-quote-is-layout-flow\"><p>&#8220;Cu\u00e1nta historia hay aqu\u00ed, y hacen un edificio que afecta toda la arquitectura colonial y porfirista, se le dio permiso por\u00a0influyentismo\u00a0a la empresa para que haga ese edificio feo y horrendo, y con acciones leguleyas&#8221;.\u00a0<\/p><\/blockquote>\n\n\n\n<p>Sobre los trabajos de San Juan de Ulua, dijo que estar\u00e1n a cargo de la Secretar\u00eda de Marina con la supervisi\u00f3n del Instituto Nacional de Antropolog\u00eda e Historia.&nbsp;<\/p>\n\n\n\n<blockquote class=\"wp-block-quote is-layout-flow wp-block-quote-is-layout-flow\"><p>&#8220;Vamos a restaurar todo el fuerte, el castillo, San Juan de Ul\u00faa. Hago ese compromiso y lo va a hacer la Secretar\u00eda de Marina. Vamos a hablar con el INAH para que ayude, pero la Marina lo va a hacer&#8221;.\u00a0<\/p><\/blockquote>\n\n\n\n<p>En ese marco el gobernador de Veracruz, Cuitl\u00e1huac Garc\u00eda Jim\u00e9nez, reconoci\u00f3 que la torre centro se construy\u00f3 con permisos ilegales.&nbsp;<\/p>\n\n\n\n<blockquote class=\"wp-block-quote is-layout-flow wp-block-quote-is-layout-flow\"><p>\u201cUn inversionista es familiar del juez con el que se lleg\u00f3 al amparo, les concede un amparo provisional. Est\u00e1 en completa ilegalidad.\u00a0<\/p><\/blockquote>\n\n\n\n<blockquote class=\"wp-block-quote is-layout-flow wp-block-quote-is-layout-flow\"><p>&#8220;Si algo pasa en materia de protecci\u00f3n civil, los jueves ser\u00e1n los responsables porque no es posible que hayan actuado de esa manera&#8221;.\u00a0<\/p><\/blockquote>\n\n\n\n<p>El ejecutivo federal dio su conferencia ma\u00f1anera desde la ciudad de Veracruz en donde estuvo acompa\u00f1ado por el secretario de Marina, Jos\u00e9 Rafael Ojeda Dur\u00e1n.&nbsp;<\/p>\n","protected":false},"excerpt":{"rendered":"<p>Jes\u00fas&nbsp;Utrilla&nbsp;| NV Noticias&nbsp; Veracruz. \u2013&nbsp;&nbsp;&nbsp;El presidente Andr\u00e9s Manuel L\u00f3pez Obrador, anunci\u00f3 el mantenimiento integral de San Juan de Ul\u00faa.&nbsp; En el Museo Naval de Veracruz, en su conferencia ma\u00f1anera, se refiri\u00f3 a la Torre Centro e insisti\u00f3 en que su altura es muy superior a la de los edificios del casco antiguo de la ciudad.&nbsp; [&hellip;]<\/p>\n","protected":false},"author":6,"featured_media":26638,"comment_status":"open","ping_status":"open","sticky":false,"template":"","format":"standard","meta":{"_monsterinsights_skip_tracking":false,"_monsterinsights_sitenote_active":false,"_monsterinsights_sitenote_note":"","_monsterinsights_sitenote_category":0,"footnotes":""},"categories":[154],"tags":[162,1585,4619,180],"class_list":["post-26674","post","type-post","status-publish","format-standard","has-post-thumbnail","hentry","category-veracruz","tag-portada","tag-san-juan-de-ulua","tag-torre-centro","tag-veracruz","wp-image-borders"],"amp_enabled":true,"_links":{"self":[{"href":"https:\/\/nvnoticias.mx\/index.php\/wp-json\/wp\/v2\/posts\/26674","targetHints":{"allow":["GET"]}}],"collection":[{"href":"https:\/\/nvnoticias.mx\/index.php\/wp-json\/wp\/v2\/posts"}],"about":[{"href":"https:\/\/nvnoticias.mx\/index.php\/wp-json\/wp\/v2\/types\/post"}],"author":[{"embeddable":true,"href":"https:\/\/nvnoticias.mx\/index.php\/wp-json\/wp\/v2\/users\/6"}],"replies":[{"embeddable":true,"href":"https:\/\/nvnoticias.mx\/index.php\/wp-json\/wp\/v2\/comments?post=26674"}],"version-history":[{"count":1,"href":"https:\/\/nvnoticias.mx\/index.php\/wp-json\/wp\/v2\/posts\/26674\/revisions"}],"predecessor-version":[{"id":26675,"href":"https:\/\/nvnoticias.mx\/index.php\/wp-json\/wp\/v2\/posts\/26674\/revisions\/26675"}],"wp:featuredmedia":[{"embeddable":true,"href":"https:\/\/nvnoticias.mx\/index.php\/wp-json\/wp\/v2\/media\/26638"}],"wp:attachment":[{"href":"https:\/\/nvnoticias.mx\/index.php\/wp-json\/wp\/v2\/media?parent=26674"}],"wp:term":[{"taxonomy":"category","embeddable":true,"href":"https:\/\/nvnoticias.mx\/index.php\/wp-json\/wp\/v2\/categories?post=26674"},{"taxonomy":"post_tag","embeddable":true,"href":"https:\/\/nvnoticias.mx\/index.php\/wp-json\/wp\/v2\/tags?post=26674"}],"curies":[{"name":"wp","href":"https:\/\/api.w.org\/{rel}","templated":true}]}}