{"id":26628,"date":"2021-10-04T21:34:59","date_gmt":"2021-10-05T02:34:59","guid":{"rendered":"https:\/\/nvnoticias.mx\/?p=26628"},"modified":"2021-10-04T21:39:32","modified_gmt":"2021-10-05T02:39:32","slug":"realizan-ceremonia-conmemorativa-200-anos-de-la-armada-de-mexico","status":"publish","type":"post","link":"https:\/\/nvnoticias.mx\/index.php\/2021\/10\/04\/realizan-ceremonia-conmemorativa-200-anos-de-la-armada-de-mexico\/","title":{"rendered":"Realizan ceremonia conmemorativa de los 200 a\u00f1os de la Armada de M\u00e9xico"},"content":{"rendered":"\n<p><strong>Jes\u00fas Utrilla | NV Noticias<\/strong><\/p>\n\n\n\n<p>Durante la ceremonia conmemorativa de los 200 a\u00f1os de la Armada de M\u00e9xico,&nbsp; el secretario de Marina, Jos\u00e9 Rafael Ojeda Dur\u00e1n, reconoci\u00f3 la labor de cada marino naval por su entrega al pa\u00eds y dijo que la Armada de M\u00e9xico seguir\u00e1 velando por la defensa de la soberan\u00eda nacional.<\/p>\n\n\n\n<p>Se\u00f1al\u00f3 que la Marina mantiene una participaci\u00f3n activa pues ha constituido el escudo de la naci\u00f3n garantizando el ejercicio de la soberan\u00eda nacional y se mantiene el orden constitucional del Estado Mexicano.<\/p>\n\n\n\n<blockquote class=\"wp-block-quote is-layout-flow wp-block-quote-is-layout-flow\"><p>\u201cA dos siglos de servir a M\u00e9xico somos honor porque nos conducimos con rectitud, tambi\u00e9n deber, lealtad y patriotismo\u201d.<\/p><\/blockquote>\n\n\n\n<p>A lo largo del tiempo se modernizaron los procesos y se fortalecieron las capacidades de respuesta operativa.<\/p>\n\n\n\n<p>Desde 2015 participa en acciones del mantenimiento de la paz.<\/p>\n\n\n\n<p>Da prioridad a la salvaguarda de la vida civil brindando apoyo y auxilio mediante el Plan Marina.<\/p>\n\n\n\n<p>Tambi\u00e9n apoya proporcionando traslado, albergue, alimentos, entre otros.<\/p>\n\n\n\n<p>Particip\u00f3 en los terremotos que afectaron al pa\u00eds, inundaciones y otros siniestros.<\/p>\n\n\n\n<p>Apoy\u00f3 a pa\u00edses como: Chile, Cuba, Ecuador, Honduras, Nicaragua, Per\u00fa, entre otros.<\/p>\n\n\n\n<p>En el evento se ley\u00f3 el Decreto de la Regencia Nacional para la creaci\u00f3n del Ministerio de Guerra y Marina y se entreg\u00f3 al presidente Andr\u00e9s Manuel L\u00f3pez Obrador una r\u00e9plica de la Boleta Iguala de la Heroica Escuela Naval Militar.<\/p>\n","protected":false},"excerpt":{"rendered":"<p>Jes\u00fas Utrilla | NV Noticias Durante la ceremonia conmemorativa de los 200 a\u00f1os de la Armada de M\u00e9xico,&nbsp; el secretario de Marina, Jos\u00e9 Rafael Ojeda Dur\u00e1n, reconoci\u00f3 la labor de cada marino naval por su entrega al pa\u00eds y dijo que la Armada de M\u00e9xico seguir\u00e1 velando por la defensa de la soberan\u00eda nacional. Se\u00f1al\u00f3 [&hellip;]<\/p>\n","protected":false},"author":7,"featured_media":26631,"comment_status":"open","ping_status":"open","sticky":false,"template":"","format":"standard","meta":{"_monsterinsights_skip_tracking":false,"_monsterinsights_sitenote_active":false,"_monsterinsights_sitenote_note":"","_monsterinsights_sitenote_category":0,"footnotes":""},"categories":[154],"tags":[6384,5951,4232,162],"class_list":["post-26628","post","type-post","status-publish","format-standard","has-post-thumbnail","hentry","category-veracruz","tag-200-anos","tag-armada-de-mexico","tag-ceremonia","tag-portada","wp-image-borders"],"amp_enabled":true,"_links":{"self":[{"href":"https:\/\/nvnoticias.mx\/index.php\/wp-json\/wp\/v2\/posts\/26628","targetHints":{"allow":["GET"]}}],"collection":[{"href":"https:\/\/nvnoticias.mx\/index.php\/wp-json\/wp\/v2\/posts"}],"about":[{"href":"https:\/\/nvnoticias.mx\/index.php\/wp-json\/wp\/v2\/types\/post"}],"author":[{"embeddable":true,"href":"https:\/\/nvnoticias.mx\/index.php\/wp-json\/wp\/v2\/users\/7"}],"replies":[{"embeddable":true,"href":"https:\/\/nvnoticias.mx\/index.php\/wp-json\/wp\/v2\/comments?post=26628"}],"version-history":[{"count":2,"href":"https:\/\/nvnoticias.mx\/index.php\/wp-json\/wp\/v2\/posts\/26628\/revisions"}],"predecessor-version":[{"id":26632,"href":"https:\/\/nvnoticias.mx\/index.php\/wp-json\/wp\/v2\/posts\/26628\/revisions\/26632"}],"wp:featuredmedia":[{"embeddable":true,"href":"https:\/\/nvnoticias.mx\/index.php\/wp-json\/wp\/v2\/media\/26631"}],"wp:attachment":[{"href":"https:\/\/nvnoticias.mx\/index.php\/wp-json\/wp\/v2\/media?parent=26628"}],"wp:term":[{"taxonomy":"category","embeddable":true,"href":"https:\/\/nvnoticias.mx\/index.php\/wp-json\/wp\/v2\/categories?post=26628"},{"taxonomy":"post_tag","embeddable":true,"href":"https:\/\/nvnoticias.mx\/index.php\/wp-json\/wp\/v2\/tags?post=26628"}],"curies":[{"name":"wp","href":"https:\/\/api.w.org\/{rel}","templated":true}]}}