{"id":26548,"date":"2021-10-04T10:11:40","date_gmt":"2021-10-04T15:11:40","guid":{"rendered":"https:\/\/nvnoticias.mx\/?p=26548"},"modified":"2021-10-04T10:11:41","modified_gmt":"2021-10-04T15:11:41","slug":"amlo-ya-decidio-que-soy-culpable-anaya","status":"publish","type":"post","link":"https:\/\/nvnoticias.mx\/index.php\/2021\/10\/04\/amlo-ya-decidio-que-soy-culpable-anaya\/","title":{"rendered":"\u2018AMLO ya decidi\u00f3 que soy culpable\u2019: Anaya"},"content":{"rendered":"\n<p>Ricardo Anaya, excandidato presidencial, se\u00f1al\u00f3 este lunes que si bien todas las pruebas contradicen la investigaci\u00f3n que se hace en su contra, el presidente Andr\u00e9s Manuel L\u00f3pez Obrador ya decidi\u00f3 que \u00e9l es culpable.<\/p>\n\n\n\n<p>En su cuarto y \u00faltimo video sobre las pruebas que la Fiscal\u00eda General de la Rep\u00fablica (FGR) le entreg\u00f3, Anaya Cortes se\u00f1al\u00f3 que con los documentos ha logrado desmentir los se\u00f1alamientos que Emilio Lozoya hizo sobre \u00e9l en relaci\u00f3n al caso Odebrecht.<\/p>\n\n\n\n<blockquote class=\"wp-block-quote is-layout-flow wp-block-quote-is-layout-flow\"><p>\u201cY aunque todas las pruebas lo contradicen, L\u00f3pez Obrador ya decidi\u00f3 que yo soy culpable. 61 minutos dedic\u00f3 a hablar de m\u00ed durante cuatro d\u00edas consecutivos en sus ma\u00f1aneras. Ya hasta lo escribi\u00f3 en su libro, seg\u00fan \u00e9l, ya se comprob\u00f3, esa es la palabra que usa. O sea, en su locura, en su mundo alterno de los otros datos, un proceso judicial que ni siquiera ha iniciado ya es cosa juzgada y condenada. Pero adem\u00e1s s\u00e9 que la obsesi\u00f3n de L\u00f3pez Obrador contra m\u00ed no va a parar\u201d, destac\u00f3 en su video.<\/p><\/blockquote>\n\n\n\n<figure class=\"wp-block-embed is-type-rich is-provider-twitter wp-block-embed-twitter\"><div class=\"wp-block-embed__wrapper\">\n<blockquote class=\"twitter-tweet\" data-width=\"550\" data-dnt=\"true\"><p lang=\"es\" dir=\"ltr\">Comparto el \u00faltimo cap\u00edtulo de la serie. Demostr\u00e9 que las acusaciones son FALSAS y ABSURDAS. AMLO me quiere fregar a la mala. <br><br>Hoy soy yo, pero ma\u00f1ana puedes ser t\u00fa o cualquiera que le estorbe a AMLO. No protestes por m\u00ed, protesta por ti,  por tus hijos, por nuestra democracia. <a href=\"https:\/\/t.co\/0dllZEDNeK\">pic.twitter.com\/0dllZEDNeK<\/a><\/p>&mdash; RicardoAnayaC (@RicardoAnayaC) <a href=\"https:\/\/twitter.com\/RicardoAnayaC\/status\/1444995725931208705?ref_src=twsrc%5Etfw\">October 4, 2021<\/a><\/blockquote><script async src=\"https:\/\/platform.twitter.com\/widgets.js\" charset=\"utf-8\"><\/script>\n<\/div><\/figure>\n\n\n\n<p>El panista cont\u00f3 que como ya logr\u00f3 \u201chacer pedazos\u201d los argumentos de la Fiscal\u00eda,\u00a0se ha reabierto un expediente\u00a0de acusaciones hechas en la campa\u00f1a de 2018.<\/p>\n\n\n\n<blockquote class=\"wp-block-quote is-layout-flow wp-block-quote-is-layout-flow\"><p>\u201cComo ya se les cay\u00f3 el teatrito en mi contra, ahora quieren usar el viejo truco del refrito, por absurdo, por incre\u00edble que suene, ya se orden\u00f3 volver a abrir todo el expediente con las viejas acusaciones falsas de la campa\u00f1a de 2018.\u00a0Y t\u00fa dir\u00e1s: \u00bfqu\u00e9 no se supone que este asunto ya estaba cerrado? Pues s\u00ed, claro, y tengo el documento oficial que lo dice\u201d, apunt\u00f3.<\/p><\/blockquote>\n\n\n\n<p>Sin embargo, Anaya asegur\u00f3 que a la Fiscal\u00eda, que \u201cen todo obedece a L\u00f3pez Obrador\u201d, no le importa lo que dice la Constituci\u00f3n.<\/p>\n\n\n\n<p>El excandidato presidencial afirm\u00f3 que tiene una estrategia legal bien pensada que llevar\u00e1 tiempo, pero conf\u00eda en que triunfar\u00e1.<\/p>\n\n\n\n<p>Fuente: El Financiero<\/p>\n","protected":false},"excerpt":{"rendered":"<p>Ricardo Anaya, excandidato presidencial, se\u00f1al\u00f3 este lunes que si bien todas las pruebas contradicen la investigaci\u00f3n que se hace en su contra, el presidente Andr\u00e9s Manuel L\u00f3pez Obrador ya decidi\u00f3 que \u00e9l es culpable. En su cuarto y \u00faltimo video sobre las pruebas que la Fiscal\u00eda General de la Rep\u00fablica (FGR) le entreg\u00f3, Anaya Cortes [&hellip;]<\/p>\n","protected":false},"author":6,"featured_media":20035,"comment_status":"open","ping_status":"open","sticky":false,"template":"","format":"standard","meta":{"_monsterinsights_skip_tracking":false,"_monsterinsights_sitenote_active":false,"_monsterinsights_sitenote_note":"","_monsterinsights_sitenote_category":0,"footnotes":""},"categories":[158],"tags":[188,509],"class_list":["post-26548","post","type-post","status-publish","format-standard","has-post-thumbnail","hentry","category-politica","tag-amlo","tag-ricardo-anaya","wp-image-borders"],"amp_enabled":true,"_links":{"self":[{"href":"https:\/\/nvnoticias.mx\/index.php\/wp-json\/wp\/v2\/posts\/26548","targetHints":{"allow":["GET"]}}],"collection":[{"href":"https:\/\/nvnoticias.mx\/index.php\/wp-json\/wp\/v2\/posts"}],"about":[{"href":"https:\/\/nvnoticias.mx\/index.php\/wp-json\/wp\/v2\/types\/post"}],"author":[{"embeddable":true,"href":"https:\/\/nvnoticias.mx\/index.php\/wp-json\/wp\/v2\/users\/6"}],"replies":[{"embeddable":true,"href":"https:\/\/nvnoticias.mx\/index.php\/wp-json\/wp\/v2\/comments?post=26548"}],"version-history":[{"count":1,"href":"https:\/\/nvnoticias.mx\/index.php\/wp-json\/wp\/v2\/posts\/26548\/revisions"}],"predecessor-version":[{"id":26549,"href":"https:\/\/nvnoticias.mx\/index.php\/wp-json\/wp\/v2\/posts\/26548\/revisions\/26549"}],"wp:featuredmedia":[{"embeddable":true,"href":"https:\/\/nvnoticias.mx\/index.php\/wp-json\/wp\/v2\/media\/20035"}],"wp:attachment":[{"href":"https:\/\/nvnoticias.mx\/index.php\/wp-json\/wp\/v2\/media?parent=26548"}],"wp:term":[{"taxonomy":"category","embeddable":true,"href":"https:\/\/nvnoticias.mx\/index.php\/wp-json\/wp\/v2\/categories?post=26548"},{"taxonomy":"post_tag","embeddable":true,"href":"https:\/\/nvnoticias.mx\/index.php\/wp-json\/wp\/v2\/tags?post=26548"}],"curies":[{"name":"wp","href":"https:\/\/api.w.org\/{rel}","templated":true}]}}