{"id":26523,"date":"2021-10-03T20:13:43","date_gmt":"2021-10-04T01:13:43","guid":{"rendered":"https:\/\/nvnoticias.mx\/?p=26523"},"modified":"2021-10-04T10:03:51","modified_gmt":"2021-10-04T15:03:51","slug":"se-incendia-yate-en-islas-mujeres-salvan-a-10","status":"publish","type":"post","link":"https:\/\/nvnoticias.mx\/index.php\/2021\/10\/03\/se-incendia-yate-en-islas-mujeres-salvan-a-10\/","title":{"rendered":"Se incendia yate en Islas Mujeres, salvan a 10"},"content":{"rendered":"\n<p>Elementos de la Secretar\u00eda de&nbsp;Marina&nbsp;(Semar) salvaron a 10 personas de un&nbsp;yate&nbsp;que fue v\u00edctima de un incendio, a cinco kil\u00f3metros de&nbsp;Isla Mujeres,&nbsp;en Quintana Roo, luego de una llamada de emergencia de la Estaci\u00f3n Naval de B\u00fasqueda, Rescate y Vigilancia Mar\u00edtima (Ensar).<\/p>\n\n\n\n<p>En redes sociales se viralizaron videos que dan cuenta del\u00a0yate<em> Kema<\/em>\u00a0en llamas en aguas de\u00a0Isla Mujeres; una embarcaci\u00f3n de la\u00a0Marina\u00a0se traslad\u00f3 al lugar para salvaguardar a las personas afectadas. Los ciudadanos fueron llevados a la Quinta Regi\u00f3n Naval.<\/p>\n\n\n\n<h2 class=\"wp-block-heading\"><strong>Yate<\/strong>&nbsp;en llamas en&nbsp;<strong>Isla Mujeres<\/strong><\/h2>\n\n\n\n<ul class=\"wp-block-list\"><li>Los rescatados fueron m\u00e9dicamente revisados<\/li><li>Ninguno necesit\u00f3 atenci\u00f3n m\u00e9dica especializada<\/li><\/ul>\n\n\n\n<p>Seg\u00fan reportes, la&nbsp;Marina&nbsp;salv\u00f3 y liber\u00f3 a las 10 personas, sin que se haya explicado qu\u00e9 fue del&nbsp;yate&nbsp;en llamas en&nbsp;Isla Mujeres, ni las razones por las que sucedi\u00f3 la conflagraci\u00f3n. Luego de los ex\u00e1menes, los ciudadanos fueron enviados a Puerto Ju\u00e1rez, para irse por cuenta propia.<\/p>\n\n\n\n<p>Fuente: UNOTV<\/p>\n","protected":false},"excerpt":{"rendered":"<p>Elementos de la Secretar\u00eda de&nbsp;Marina&nbsp;(Semar) salvaron a 10 personas de un&nbsp;yate&nbsp;que fue v\u00edctima de un incendio, a cinco kil\u00f3metros de&nbsp;Isla Mujeres,&nbsp;en Quintana Roo, luego de una llamada de emergencia de la Estaci\u00f3n Naval de B\u00fasqueda, Rescate y Vigilancia Mar\u00edtima (Ensar). En redes sociales se viralizaron videos que dan cuenta del\u00a0yate Kema\u00a0en llamas en aguas de\u00a0Isla [&hellip;]<\/p>\n","protected":false},"author":7,"featured_media":26524,"comment_status":"open","ping_status":"open","sticky":false,"template":"","format":"standard","meta":{"_monsterinsights_skip_tracking":false,"_monsterinsights_sitenote_active":false,"_monsterinsights_sitenote_note":"","_monsterinsights_sitenote_category":0,"footnotes":""},"categories":[157],"tags":[310,6376,162,6375],"class_list":["post-26523","post","type-post","status-publish","format-standard","has-post-thumbnail","hentry","category-nacional","tag-incendio","tag-isla-mujeres","tag-portada","tag-yate","wp-image-borders"],"amp_enabled":true,"_links":{"self":[{"href":"https:\/\/nvnoticias.mx\/index.php\/wp-json\/wp\/v2\/posts\/26523","targetHints":{"allow":["GET"]}}],"collection":[{"href":"https:\/\/nvnoticias.mx\/index.php\/wp-json\/wp\/v2\/posts"}],"about":[{"href":"https:\/\/nvnoticias.mx\/index.php\/wp-json\/wp\/v2\/types\/post"}],"author":[{"embeddable":true,"href":"https:\/\/nvnoticias.mx\/index.php\/wp-json\/wp\/v2\/users\/7"}],"replies":[{"embeddable":true,"href":"https:\/\/nvnoticias.mx\/index.php\/wp-json\/wp\/v2\/comments?post=26523"}],"version-history":[{"count":2,"href":"https:\/\/nvnoticias.mx\/index.php\/wp-json\/wp\/v2\/posts\/26523\/revisions"}],"predecessor-version":[{"id":26526,"href":"https:\/\/nvnoticias.mx\/index.php\/wp-json\/wp\/v2\/posts\/26523\/revisions\/26526"}],"wp:featuredmedia":[{"embeddable":true,"href":"https:\/\/nvnoticias.mx\/index.php\/wp-json\/wp\/v2\/media\/26524"}],"wp:attachment":[{"href":"https:\/\/nvnoticias.mx\/index.php\/wp-json\/wp\/v2\/media?parent=26523"}],"wp:term":[{"taxonomy":"category","embeddable":true,"href":"https:\/\/nvnoticias.mx\/index.php\/wp-json\/wp\/v2\/categories?post=26523"},{"taxonomy":"post_tag","embeddable":true,"href":"https:\/\/nvnoticias.mx\/index.php\/wp-json\/wp\/v2\/tags?post=26523"}],"curies":[{"name":"wp","href":"https:\/\/api.w.org\/{rel}","templated":true}]}}