{"id":26495,"date":"2021-10-03T12:35:35","date_gmt":"2021-10-03T17:35:35","guid":{"rendered":"https:\/\/nvnoticias.mx\/?p=26495"},"modified":"2021-10-03T12:35:38","modified_gmt":"2021-10-03T17:35:38","slug":"incrementa-el-precio-de-los-vehiculos-en-mexico","status":"publish","type":"post","link":"https:\/\/nvnoticias.mx\/index.php\/2021\/10\/03\/incrementa-el-precio-de-los-vehiculos-en-mexico\/","title":{"rendered":"Incrementa el precio de los veh\u00edculos en M\u00e9xico"},"content":{"rendered":"\n<p><strong>Jes\u00fas Utrilla | NV Noticias<\/strong><\/p>\n\n\n\n<p>En la segunda quincena de agosto los precios promedio de automotores aumentaron 9.13 por ciento, comparado con el mismo periodo del 2020, por arriba del \u00edndice de la inflaci\u00f3n.<\/p>\n\n\n\n<p>Guillermo Rosales Z\u00e1rate, Director Adjunto de la Asociaci\u00f3n Mexicana de Distribuidores de Automotores, admiti\u00f3 que la industria automotriz a nivel mundial refleja una situaci\u00f3n complicada por la insuficiente producci\u00f3n de veh\u00edculos, retraso en entregas y cambios en el consumo.<\/p>\n\n\n\n<p>Sin embargo, poco a poco las ventas comienzan a recuperarse luego de un 2020 complicado pero los factores mencionados encarecieron los automotores.<\/p>\n\n\n\n<p>No descart\u00f3 que la tendencia se mantenga hasta el pr\u00f3ximo a\u00f1o y es que hubo incrementos de los insumos ocupados en la fabricaci\u00f3n de autom\u00f3viles, fundamentalmente acero y aluminio.<\/p>\n\n\n\n<p>El mayor uso de equipo electr\u00f3nico operado por microprocesadores, a ra\u00edz del confinamiento, gener\u00f3 desabasto.<\/p>\n\n\n\n<p>Un buen n\u00famero de los mismos ten\u00edan destino en plantas armadoras tanto de M\u00e9xico como de otras sedes de marcas presentes en el mercado mundial pero los vol\u00famenes mayores fueron acaparados por fabricantes localizados en China y Taiw\u00e1n.<\/p>\n\n\n\n<p>Pese a ello Rosales Z\u00e1rate descart\u00f3 riesgo de la salida de algunos casos de las 42 marcas presentes en el mercado mexicano.<\/p>\n","protected":false},"excerpt":{"rendered":"<p>Jes\u00fas Utrilla | NV Noticias En la segunda quincena de agosto los precios promedio de automotores aumentaron 9.13 por ciento, comparado con el mismo periodo del 2020, por arriba del \u00edndice de la inflaci\u00f3n. Guillermo Rosales Z\u00e1rate, Director Adjunto de la Asociaci\u00f3n Mexicana de Distribuidores de Automotores, admiti\u00f3 que la industria automotriz a nivel mundial [&hellip;]<\/p>\n","protected":false},"author":7,"featured_media":6231,"comment_status":"open","ping_status":"open","sticky":false,"template":"","format":"standard","meta":{"_monsterinsights_skip_tracking":false,"_monsterinsights_sitenote_active":false,"_monsterinsights_sitenote_note":"","_monsterinsights_sitenote_category":0,"footnotes":""},"categories":[154],"tags":[292,2808,4793],"class_list":["post-26495","post","type-post","status-publish","format-standard","has-post-thumbnail","hentry","category-veracruz","tag-mexico","tag-precio","tag-vehiculos","wp-image-borders"],"amp_enabled":false,"_links":{"self":[{"href":"https:\/\/nvnoticias.mx\/index.php\/wp-json\/wp\/v2\/posts\/26495","targetHints":{"allow":["GET"]}}],"collection":[{"href":"https:\/\/nvnoticias.mx\/index.php\/wp-json\/wp\/v2\/posts"}],"about":[{"href":"https:\/\/nvnoticias.mx\/index.php\/wp-json\/wp\/v2\/types\/post"}],"author":[{"embeddable":true,"href":"https:\/\/nvnoticias.mx\/index.php\/wp-json\/wp\/v2\/users\/7"}],"replies":[{"embeddable":true,"href":"https:\/\/nvnoticias.mx\/index.php\/wp-json\/wp\/v2\/comments?post=26495"}],"version-history":[{"count":1,"href":"https:\/\/nvnoticias.mx\/index.php\/wp-json\/wp\/v2\/posts\/26495\/revisions"}],"predecessor-version":[{"id":26497,"href":"https:\/\/nvnoticias.mx\/index.php\/wp-json\/wp\/v2\/posts\/26495\/revisions\/26497"}],"wp:featuredmedia":[{"embeddable":true,"href":"https:\/\/nvnoticias.mx\/index.php\/wp-json\/wp\/v2\/media\/6231"}],"wp:attachment":[{"href":"https:\/\/nvnoticias.mx\/index.php\/wp-json\/wp\/v2\/media?parent=26495"}],"wp:term":[{"taxonomy":"category","embeddable":true,"href":"https:\/\/nvnoticias.mx\/index.php\/wp-json\/wp\/v2\/categories?post=26495"},{"taxonomy":"post_tag","embeddable":true,"href":"https:\/\/nvnoticias.mx\/index.php\/wp-json\/wp\/v2\/tags?post=26495"}],"curies":[{"name":"wp","href":"https:\/\/api.w.org\/{rel}","templated":true}]}}