{"id":26486,"date":"2021-10-03T11:35:09","date_gmt":"2021-10-03T16:35:09","guid":{"rendered":"https:\/\/nvnoticias.mx\/?p=26486"},"modified":"2021-10-03T11:35:10","modified_gmt":"2021-10-03T16:35:10","slug":"reelige-pan-a-marko-cortes","status":"publish","type":"post","link":"https:\/\/nvnoticias.mx\/index.php\/2021\/10\/03\/reelige-pan-a-marko-cortes\/","title":{"rendered":"Reelige PAN a Marko Cort\u00e9s"},"content":{"rendered":"\n<p>Al ser reelecto como presidente nacional del PAN por los pr\u00f3ximos tres a\u00f1os, Marko Cort\u00e9s ofreci\u00f3 a los que aspiren a la candidatura presidencial en 2024 un arbitraje parejo y una plataforma equilibrada y justa para que todos puedan competir.<\/p>\n\n\n\n<p>Al emitir su primer discurso como presidente reelecto ante el Consejo Nacional panista, abri\u00f3 el camino para ocho aspirantes presidenciales y abri\u00f3 la puerta para una alianza electoral para la contienda de 2024.<\/p>\n\n\n\n<p>Mencion\u00f3 a los actuales gobernadores panistas de Chihuahua, Mar\u00eda Eugenia Campos; de Yucat\u00e1n, Mauricio Vila; de Guanajuato, Diego Sinhue Rodr\u00edguez; de Tamaulipas, Francisco Javier Garc\u00eda Cabeza de Vaca, y el mandatario saliente de Quer\u00e9taro, Francisco Dom\u00ednguez.<\/p>\n\n\n\n<p>Tambi\u00e9n al vicepresidente de la C\u00e1mara de Diputados, Santiago Creel, y al titular de la Comisi\u00f3n de Transparencia de San L\u00e1zaro, Juan Carlos Romero Hicks, y a Ricardo Anaya Cort\u00e9s, quien, dijo, es un perseguido pol\u00edtico del actual gobierno federal.<\/p>\n\n\n\n<p>Mencion\u00f3 que Acci\u00f3n Nacional no se puede permitir que vuelva a haber una fractura en su interior, como en 2018 con Margarita Zavala y Anaya.<\/p>\n\n\n\n<p>Dijo que tiene que haber un PAN s\u00f3lido, echado para adelante. La \u00fanica opci\u00f3n y alternativa para derrotar al gobierno populista de Morena, asegur\u00f3, es el blanquiazul, por lo que convoc\u00f3 a cerrar filas para entender el momento hist\u00f3rico y \u201cdecirle a M\u00e9xico que cuenta con Acci\u00f3n Nacional y que har\u00e1 lo necesario para garantizar la libertad, democracia y un pa\u00eds que brinde oportunidades y donde nuestros sue\u00f1os los podamos alcanzar\u201d.<\/p>\n\n\n\n<p>Por eso pidi\u00f3 a la militancia que vayan en unidad, pues en 2024 deben corregir el rumbo.<\/p>\n\n\n\n<p>Fuente: El universal<\/p>\n","protected":false},"excerpt":{"rendered":"<p>Al ser reelecto como presidente nacional del PAN por los pr\u00f3ximos tres a\u00f1os, Marko Cort\u00e9s ofreci\u00f3 a los que aspiren a la candidatura presidencial en 2024 un arbitraje parejo y una plataforma equilibrada y justa para que todos puedan competir. Al emitir su primer discurso como presidente reelecto ante el Consejo Nacional panista, abri\u00f3 el [&hellip;]<\/p>\n","protected":false},"author":35,"featured_media":9779,"comment_status":"open","ping_status":"open","sticky":false,"template":"","format":"standard","meta":{"_monsterinsights_skip_tracking":false,"_monsterinsights_sitenote_active":false,"_monsterinsights_sitenote_note":"","_monsterinsights_sitenote_category":0,"footnotes":""},"categories":[158],"tags":[284],"class_list":["post-26486","post","type-post","status-publish","format-standard","has-post-thumbnail","hentry","category-politica","tag-pan","wp-image-borders"],"amp_enabled":true,"_links":{"self":[{"href":"https:\/\/nvnoticias.mx\/index.php\/wp-json\/wp\/v2\/posts\/26486","targetHints":{"allow":["GET"]}}],"collection":[{"href":"https:\/\/nvnoticias.mx\/index.php\/wp-json\/wp\/v2\/posts"}],"about":[{"href":"https:\/\/nvnoticias.mx\/index.php\/wp-json\/wp\/v2\/types\/post"}],"author":[{"embeddable":true,"href":"https:\/\/nvnoticias.mx\/index.php\/wp-json\/wp\/v2\/users\/35"}],"replies":[{"embeddable":true,"href":"https:\/\/nvnoticias.mx\/index.php\/wp-json\/wp\/v2\/comments?post=26486"}],"version-history":[{"count":2,"href":"https:\/\/nvnoticias.mx\/index.php\/wp-json\/wp\/v2\/posts\/26486\/revisions"}],"predecessor-version":[{"id":26488,"href":"https:\/\/nvnoticias.mx\/index.php\/wp-json\/wp\/v2\/posts\/26486\/revisions\/26488"}],"wp:featuredmedia":[{"embeddable":true,"href":"https:\/\/nvnoticias.mx\/index.php\/wp-json\/wp\/v2\/media\/9779"}],"wp:attachment":[{"href":"https:\/\/nvnoticias.mx\/index.php\/wp-json\/wp\/v2\/media?parent=26486"}],"wp:term":[{"taxonomy":"category","embeddable":true,"href":"https:\/\/nvnoticias.mx\/index.php\/wp-json\/wp\/v2\/categories?post=26486"},{"taxonomy":"post_tag","embeddable":true,"href":"https:\/\/nvnoticias.mx\/index.php\/wp-json\/wp\/v2\/tags?post=26486"}],"curies":[{"name":"wp","href":"https:\/\/api.w.org\/{rel}","templated":true}]}}