{"id":26453,"date":"2021-10-02T19:05:21","date_gmt":"2021-10-03T00:05:21","guid":{"rendered":"https:\/\/nvnoticias.mx\/?p=26453"},"modified":"2021-10-02T19:05:22","modified_gmt":"2021-10-03T00:05:22","slug":"marchan-en-veracruz-a-favor-de-la-vida-y-en-contra-del-aborto","status":"publish","type":"post","link":"https:\/\/nvnoticias.mx\/index.php\/2021\/10\/02\/marchan-en-veracruz-a-favor-de-la-vida-y-en-contra-del-aborto\/","title":{"rendered":"Marchan en Veracruz a favor de la vida y en contra del aborto"},"content":{"rendered":"\n<p><strong>Jes\u00fas&nbsp;Utrilla |&nbsp;NV Noticias<\/strong>&nbsp;<\/p>\n\n\n\n<p>Veracruz. \u2013&nbsp;&nbsp;&nbsp;Se llev\u00f3 a cabo en el Puerto de Veracruz la Marcha por la Mujer y por la Vida, organizada por grupos provida.&nbsp;<\/p>\n\n\n\n<p>El objetivo fue pronunciarse por la protecci\u00f3n de los mexicanos en todas las etapas de gestaci\u00f3n.&nbsp;<\/p>\n\n\n\n<p>Para el domingo se esperan marchas locales en m\u00e1s de 20 ciudades del pa\u00eds con el mismo objetivo, pero adem\u00e1s habr\u00e1&nbsp;una mega&nbsp;marcha en la Ciudad de M\u00e9xico.&nbsp;<\/p>\n\n\n\n<p>En el caso de Veracruz comenz\u00f3 en el atrio de la Iglesia del Cristo del Buen Viaje y avanz\u00f3 hasta la Macroplaza del Malec\u00f3n.&nbsp;<\/p>\n\n\n\n<p>El objetivo fue hacer conciencia de que hay motivo para escoger entre la mujer o la vida del ni\u00f1o en gestaci\u00f3n.&nbsp;<\/p>\n\n\n\n<p>Los asistentes se pronunciaron contra decisiones de los legisladores, los grupos feministas y de la Suprema Corte de Justicia de la Naci\u00f3n.&nbsp;<\/p>\n\n\n\n<p>Pidieron que se reconozcan los derechos del ser humano en todas sus etapas y salvar las&nbsp;<br>dos vidas atendiendo las necesidades reales de las mujeres y sus familias.&nbsp;<\/p>\n\n\n\n<p>Se quejaron por las recientes resoluciones de la Suprema Corte de Justicia y exigieron que respete igualmente el derecho humano a la vida tanto de la madre como del concebido a\u00fan no nacido.&nbsp;<\/p>\n","protected":false},"excerpt":{"rendered":"<p>Jes\u00fas&nbsp;Utrilla |&nbsp;NV Noticias&nbsp; Veracruz. \u2013&nbsp;&nbsp;&nbsp;Se llev\u00f3 a cabo en el Puerto de Veracruz la Marcha por la Mujer y por la Vida, organizada por grupos provida.&nbsp; El objetivo fue pronunciarse por la protecci\u00f3n de los mexicanos en todas las etapas de gestaci\u00f3n.&nbsp; Para el domingo se esperan marchas locales en m\u00e1s de 20 ciudades del [&hellip;]<\/p>\n","protected":false},"author":6,"featured_media":6396,"comment_status":"open","ping_status":"open","sticky":false,"template":"","format":"standard","meta":{"_monsterinsights_skip_tracking":false,"_monsterinsights_sitenote_active":false,"_monsterinsights_sitenote_note":"","_monsterinsights_sitenote_category":0,"footnotes":""},"categories":[154],"tags":[1273,1507,5991],"class_list":["post-26453","post","type-post","status-publish","format-standard","has-post-thumbnail","hentry","category-veracruz","tag-aborto","tag-marcha","tag-provida","wp-image-borders"],"amp_enabled":true,"_links":{"self":[{"href":"https:\/\/nvnoticias.mx\/index.php\/wp-json\/wp\/v2\/posts\/26453","targetHints":{"allow":["GET"]}}],"collection":[{"href":"https:\/\/nvnoticias.mx\/index.php\/wp-json\/wp\/v2\/posts"}],"about":[{"href":"https:\/\/nvnoticias.mx\/index.php\/wp-json\/wp\/v2\/types\/post"}],"author":[{"embeddable":true,"href":"https:\/\/nvnoticias.mx\/index.php\/wp-json\/wp\/v2\/users\/6"}],"replies":[{"embeddable":true,"href":"https:\/\/nvnoticias.mx\/index.php\/wp-json\/wp\/v2\/comments?post=26453"}],"version-history":[{"count":1,"href":"https:\/\/nvnoticias.mx\/index.php\/wp-json\/wp\/v2\/posts\/26453\/revisions"}],"predecessor-version":[{"id":26454,"href":"https:\/\/nvnoticias.mx\/index.php\/wp-json\/wp\/v2\/posts\/26453\/revisions\/26454"}],"wp:featuredmedia":[{"embeddable":true,"href":"https:\/\/nvnoticias.mx\/index.php\/wp-json\/wp\/v2\/media\/6396"}],"wp:attachment":[{"href":"https:\/\/nvnoticias.mx\/index.php\/wp-json\/wp\/v2\/media?parent=26453"}],"wp:term":[{"taxonomy":"category","embeddable":true,"href":"https:\/\/nvnoticias.mx\/index.php\/wp-json\/wp\/v2\/categories?post=26453"},{"taxonomy":"post_tag","embeddable":true,"href":"https:\/\/nvnoticias.mx\/index.php\/wp-json\/wp\/v2\/tags?post=26453"}],"curies":[{"name":"wp","href":"https:\/\/api.w.org\/{rel}","templated":true}]}}