{"id":2611,"date":"2021-01-27T11:30:00","date_gmt":"2021-01-27T17:30:00","guid":{"rendered":"https:\/\/nvnoticias.mx\/?p=2611"},"modified":"2021-01-27T11:17:34","modified_gmt":"2021-01-27T17:17:34","slug":"emite-la-oms-nuevas-recomendaciones-para-pacientes-con-covid-19","status":"publish","type":"post","link":"https:\/\/nvnoticias.mx\/index.php\/2021\/01\/27\/emite-la-oms-nuevas-recomendaciones-para-pacientes-con-covid-19\/","title":{"rendered":"Emite la OMS nuevas recomendaciones para pacientes con Covid-19"},"content":{"rendered":"\n<p>Alfredo S\u00e1nchez Jr \/ Nv Noticias<\/p>\n\n\n\n<p><strong>La Organizaci\u00f3n Mundial de la Salud (OMS) emiti\u00f3 nuevas recomendaciones<\/strong> para pacientes de <em>Covid-19<\/em>, tanto sospechosos como casos confirmados, dichas sugerencias <strong>son v\u00e1lidas para<\/strong> <strong>personas que se encuentran en sus casas confinados y hospitalizados con sintomatolog\u00edas graves o persistentes.<\/strong> <br><br>La Organizaci\u00f3n aconseja <strong>utilizar anticoagulantes<\/strong> en peque\u00f1as dosis. <br><br>Los pacientes que utilicen m\u00e9todos de respiraci\u00f3n como lo son el oxigeno nasal de alto flujo o ventilaci\u00f3n no invasiva, <strong>se les recomienda posicionarse boca abajo para mejorar el flujo de oxigenaci\u00f3n. <\/strong><br><br>Adem\u00e1s <strong>deben tener acceso a atenci\u00f3n de seguimiento<\/strong>, esto permitir\u00e1 saber si se tiene s\u00edntomas nuevos, persistentes o cambiantes<br><br>La OMS coment\u00f3 que <strong>en Febrero se tendr\u00e1 m\u00e1s informaci\u00f3n acerca del COVID-19<\/strong><\/p>\n\n\n\n<p><\/p>\n\n\n\n<p class=\"has-small-font-size\">Fuente: https:\/\/www.who.int\/news-room\/feature-stories\/detail\/who-recommends-follow-up-care-low-dose-anticoagulants-for-covid-19-patients<\/p>\n\n\n\n<p><\/p>\n","protected":false},"excerpt":{"rendered":"<p>Alfredo S\u00e1nchez Jr \/ Nv Noticias La Organizaci\u00f3n Mundial de la Salud (OMS) emiti\u00f3 nuevas recomendaciones para pacientes de Covid-19, tanto sospechosos como casos confirmados, dichas sugerencias son v\u00e1lidas para personas que se encuentran en sus casas confinados y hospitalizados con sintomatolog\u00edas graves o persistentes. La Organizaci\u00f3n aconseja utilizar anticoagulantes en peque\u00f1as dosis. Los pacientes [&hellip;]<\/p>\n","protected":false},"author":8,"featured_media":2623,"comment_status":"open","ping_status":"open","sticky":false,"template":"","format":"standard","meta":{"_monsterinsights_skip_tracking":false,"_monsterinsights_sitenote_active":false,"_monsterinsights_sitenote_note":"","_monsterinsights_sitenote_category":0,"footnotes":""},"categories":[181],"tags":[349,358,175,664,739,781,661,364],"class_list":["post-2611","post","type-post","status-publish","format-standard","has-post-thumbnail","hentry","category-internacional","tag-alfredo-sanchez-jr","tag-covid","tag-covid-19","tag-covid19","tag-oms","tag-organizacion-mundial-de-la-salud","tag-sars-cov-2","tag-sars-cov2","wp-image-borders"],"amp_enabled":true,"_links":{"self":[{"href":"https:\/\/nvnoticias.mx\/index.php\/wp-json\/wp\/v2\/posts\/2611","targetHints":{"allow":["GET"]}}],"collection":[{"href":"https:\/\/nvnoticias.mx\/index.php\/wp-json\/wp\/v2\/posts"}],"about":[{"href":"https:\/\/nvnoticias.mx\/index.php\/wp-json\/wp\/v2\/types\/post"}],"author":[{"embeddable":true,"href":"https:\/\/nvnoticias.mx\/index.php\/wp-json\/wp\/v2\/users\/8"}],"replies":[{"embeddable":true,"href":"https:\/\/nvnoticias.mx\/index.php\/wp-json\/wp\/v2\/comments?post=2611"}],"version-history":[{"count":3,"href":"https:\/\/nvnoticias.mx\/index.php\/wp-json\/wp\/v2\/posts\/2611\/revisions"}],"predecessor-version":[{"id":2624,"href":"https:\/\/nvnoticias.mx\/index.php\/wp-json\/wp\/v2\/posts\/2611\/revisions\/2624"}],"wp:featuredmedia":[{"embeddable":true,"href":"https:\/\/nvnoticias.mx\/index.php\/wp-json\/wp\/v2\/media\/2623"}],"wp:attachment":[{"href":"https:\/\/nvnoticias.mx\/index.php\/wp-json\/wp\/v2\/media?parent=2611"}],"wp:term":[{"taxonomy":"category","embeddable":true,"href":"https:\/\/nvnoticias.mx\/index.php\/wp-json\/wp\/v2\/categories?post=2611"},{"taxonomy":"post_tag","embeddable":true,"href":"https:\/\/nvnoticias.mx\/index.php\/wp-json\/wp\/v2\/tags?post=2611"}],"curies":[{"name":"wp","href":"https:\/\/api.w.org\/{rel}","templated":true}]}}