{"id":26101,"date":"2021-09-29T15:03:26","date_gmt":"2021-09-29T20:03:26","guid":{"rendered":"https:\/\/nvnoticias.mx\/?p=26101"},"modified":"2021-09-29T15:04:18","modified_gmt":"2021-09-29T20:04:18","slug":"trabajando-unidos-se-lograra-el-desarrollo-y-el-bien-comun-de-las-familias-veracruzanas","status":"publish","type":"post","link":"https:\/\/nvnoticias.mx\/index.php\/2021\/09\/29\/trabajando-unidos-se-lograra-el-desarrollo-y-el-bien-comun-de-las-familias-veracruzanas\/","title":{"rendered":"Trabajando Unidos se lograr\u00e1 el desarrollo y el bien com\u00fan de las familias veracruzanas"},"content":{"rendered":"\n<p><strong>Jes\u00fas Utrilla | NV Noticias<\/strong><br>Veracruz.- La pr\u00f3xima administraci\u00f3n municipal de Veracruz buscar\u00e1 mejorar la calidad de vida de los ciudadanos, se\u00f1al\u00f3 presidenta municipal electa Patricia Lobeira Rodr\u00edguez.<br>Agreg\u00f3 que se trata de un objetivo por el que sociedad y gobierno deben trabajar unidos y as\u00ed lo har\u00e1 en el municipio porte\u00f1o.<\/p>\n\n\n\n<p>Lobeira Rodr\u00edguez se reuni\u00f3n con integrantes de la Asociaci\u00f3n Nacional Pro Superaci\u00f3n Personal Asociaci\u00f3n Civil (ANSPAC), a quienes reafirm\u00f3 su compromiso de coordinar esfuerzos para el desarrollo y el bien com\u00fan de las familias veracruzanas.<\/p>\n\n\n\n<blockquote class=\"wp-block-quote is-layout-flow wp-block-quote-is-layout-flow\"><p>\u201cCreo que es parte fundamental, sobre todo ahorita en estos tiempos que han sido complicado, no s\u00f3lo por la pandemia, sino por la situaci\u00f3n actual que se vive en M\u00e9xico en todos los sentidos y hace falta realizar este trabajo de la mano con los organismos sociales\u201d.<\/p><\/blockquote>\n\n\n\n<p>Insisti\u00f3 en que es fundamental el trabajo coordinado de los distintos sectores para lograr objetivos concretos que beneficien a toda la comunidad.<\/p>\n\n\n\n<p>Por su parte la Presidenta de ANSPAC Veracruz, Patricia Keren, manifest\u00f3 el apoyo en la labor que emprender\u00e1 la nueva gesti\u00f3n municipal porte\u00f1a. Cabe destacar que la Asociaci\u00f3n Nacional Pro Superaci\u00f3n Personal Asociaci\u00f3n Civil tiene 25 a\u00f1os trabajando en Veracruz, con presencia en todo M\u00e9xico, y en pa\u00edses de Centro y Sudam\u00e9rica, Estados Unidos y en Madrid, Espa\u00f1a. Busca promover el desarrollo y superaci\u00f3n de la persona y contribuir a tener una vida familiar m\u00e1s estable para el mejoramiento de su entorno a trav\u00e9s de cursos y talleres a mujeres, j\u00f3venes y trabajadores de las empresas, con programas de formaci\u00f3n humana.<\/p>\n","protected":false},"excerpt":{"rendered":"<p>Jes\u00fas Utrilla | NV NoticiasVeracruz.- La pr\u00f3xima administraci\u00f3n municipal de Veracruz buscar\u00e1 mejorar la calidad de vida de los ciudadanos, se\u00f1al\u00f3 presidenta municipal electa Patricia Lobeira Rodr\u00edguez.Agreg\u00f3 que se trata de un objetivo por el que sociedad y gobierno deben trabajar unidos y as\u00ed lo har\u00e1 en el municipio porte\u00f1o. Lobeira Rodr\u00edguez se reuni\u00f3n con [&hellip;]<\/p>\n","protected":false},"author":35,"featured_media":17410,"comment_status":"open","ping_status":"open","sticky":false,"template":"","format":"standard","meta":{"_monsterinsights_skip_tracking":false,"_monsterinsights_sitenote_active":false,"_monsterinsights_sitenote_note":"","_monsterinsights_sitenote_category":0,"footnotes":""},"categories":[154],"tags":[6297,3867],"class_list":["post-26101","post","type-post","status-publish","format-standard","has-post-thumbnail","hentry","category-veracruz","tag-anspac","tag-patricia-lobeira","wp-image-borders"],"amp_enabled":true,"_links":{"self":[{"href":"https:\/\/nvnoticias.mx\/index.php\/wp-json\/wp\/v2\/posts\/26101","targetHints":{"allow":["GET"]}}],"collection":[{"href":"https:\/\/nvnoticias.mx\/index.php\/wp-json\/wp\/v2\/posts"}],"about":[{"href":"https:\/\/nvnoticias.mx\/index.php\/wp-json\/wp\/v2\/types\/post"}],"author":[{"embeddable":true,"href":"https:\/\/nvnoticias.mx\/index.php\/wp-json\/wp\/v2\/users\/35"}],"replies":[{"embeddable":true,"href":"https:\/\/nvnoticias.mx\/index.php\/wp-json\/wp\/v2\/comments?post=26101"}],"version-history":[{"count":2,"href":"https:\/\/nvnoticias.mx\/index.php\/wp-json\/wp\/v2\/posts\/26101\/revisions"}],"predecessor-version":[{"id":26103,"href":"https:\/\/nvnoticias.mx\/index.php\/wp-json\/wp\/v2\/posts\/26101\/revisions\/26103"}],"wp:featuredmedia":[{"embeddable":true,"href":"https:\/\/nvnoticias.mx\/index.php\/wp-json\/wp\/v2\/media\/17410"}],"wp:attachment":[{"href":"https:\/\/nvnoticias.mx\/index.php\/wp-json\/wp\/v2\/media?parent=26101"}],"wp:term":[{"taxonomy":"category","embeddable":true,"href":"https:\/\/nvnoticias.mx\/index.php\/wp-json\/wp\/v2\/categories?post=26101"},{"taxonomy":"post_tag","embeddable":true,"href":"https:\/\/nvnoticias.mx\/index.php\/wp-json\/wp\/v2\/tags?post=26101"}],"curies":[{"name":"wp","href":"https:\/\/api.w.org\/{rel}","templated":true}]}}