{"id":26079,"date":"2021-09-29T12:55:57","date_gmt":"2021-09-29T17:55:57","guid":{"rendered":"https:\/\/nvnoticias.mx\/?p=26079"},"modified":"2021-09-29T12:55:58","modified_gmt":"2021-09-29T17:55:58","slug":"considera-juez-que-conacyt-opero-bajo-las-reglas-de-la-ley","status":"publish","type":"post","link":"https:\/\/nvnoticias.mx\/index.php\/2021\/09\/29\/considera-juez-que-conacyt-opero-bajo-las-reglas-de-la-ley\/","title":{"rendered":"Considera Juez que Conacyt oper\u00f3 bajo las reglas de la Ley"},"content":{"rendered":"\n<p>El juez que rechaz\u00f3 otorgar las \u00f3rdenes de aprehensi\u00f3n solicitadas contra 31 acad\u00e9micos, cient\u00edficos y ex servidores p\u00fablicos del Consejo Nacional de Ciencia y Tecnolog\u00eda (Conacyt) consider\u00f3 que el Foro Consultivo Cient\u00edfico y Tecnol\u00f3gico (FCCyT) oper\u00f3 bajo las reglas previstas en la ley, motivo por el cual los 244 millones de pesos que utiliz\u00f3 de 2013 a 2019 est\u00e1 amparado en la legalidad. <\/p>\n\n\n\n<p>MILENIO tuvo acceso a la resoluci\u00f3n emitida el 21 de septiembre por Gregorio Salazar Hern\u00e1ndez, juez de control del Centro de Justicia Penal Federal con residencia en Almoloya de Ju\u00e1rez (en el Altiplano), Estado de M\u00e9xico, dentro de la causa penal 299\/2021, misma que ya caus\u00f3 estado porque la Fiscal\u00eda General de la Rep\u00fablica (FGR) no apel\u00f3 la resoluci\u00f3n.\u00a0Ahora, el Ministerio P\u00fablico Federal deber\u00e1 elaborar una nueva petici\u00f3n.<\/p>\n\n\n\n<p>Alfredo Higuera Bernal, titular de la Fiscal\u00eda Especializada en Materia de Delincuencia (FEMDO), ha declarado que est\u00e1n valorando c\u00f3mo reformular su solicitud y tambi\u00e9n ha dejado entrever que a\u00fan no resuelven si pedir\u00e1n la orden de captura por los mismos delitos, es decir, por peculado, uso il\u00edcito de atribuciones y facultades, delincuencia organizada y operaciones con recursos de procedencia il\u00edcita. <\/p>\n\n\n\n<p>En su resoluci\u00f3n, el juzgador dej\u00f3 claro que el foro surgi\u00f3 de la Ley de Ciencia y Tecnolog\u00eda, as\u00ed como de los numerales 22 y 24 del Estatuto Org\u00e1nico del Conacyt, vigente en la \u00e9poca de los hechos. <\/p>\n\n\n\n<blockquote class=\"wp-block-quote is-layout-flow wp-block-quote-is-layout-flow\"><p>\u201cDe esta manera, todos los hechos que invoca la fiscal\u00eda (General de la Rep\u00fablica) en los que se involucra el otorgamiento de financiamiento al Foro Consultivo, Cient\u00edfico y Tecnol\u00f3gico, de ninguna manera pueden ser analizados a la luz del derecho penal, porque la obligaci\u00f3n del Conacyt de dotarlo de los recursos econ\u00f3micos para su adecuado funcionamiento, en su momento estuvieron previstos en la ley que regula precisamente el funcionamiento de dicho foro y en el estatuto entonces vigente\u201d, puntualiz\u00f3. <\/p><\/blockquote>\n\n\n\n<p>La\u00a0FGR integr\u00f3 la carpeta de investigaci\u00f3n y solicit\u00f3 las \u00f3rdenes de captura a partir de dos denuncias que present\u00f3 Rosenda Cruz Vixtha, apoderada legal del Conacyt, interpuestas el 10 de julio de 2020 y el 10 de junio de 2021. La fiscal\u00eda pretend\u00eda que los acad\u00e9micos y cient\u00edficos fueran ingresados en el penal de m\u00e1xima seguridad del Altiplano, Estado de M\u00e9xico. <\/p>\n\n\n\n<p>La dependencia federal aleg\u00f3 que desde sus constituci\u00f3n el foro ha recibido a trav\u00e9s de dos fondos del Conacyt (Fondo Institucional del Conacyt y el Programa Presupuestario de Apoyos para Actividades Cient\u00edficas, Tecnol\u00f3gicas y de Innovaci\u00f3n) m\u00e1s de 471 millones de pesos, los cuales han sido gastados en una casa residencial, viajes nacionales e internacionales, sueldos, impuestos, cuotas al IMSS, aportaciones para el SAT e Infonavit, banquetes, gasolina para autos particulares, servicio de telefon\u00eda m\u00f3vil y tintorer\u00eda, seguros, fianzas, etc\u00e9tera, es decir, gastos completamente ajenos a los previstos en las reglas de operaci\u00f3n de dicho consejo. <\/p>\n\n\n\n<p>Fuente: Milenio<\/p>\n","protected":false},"excerpt":{"rendered":"<p>El juez que rechaz\u00f3 otorgar las \u00f3rdenes de aprehensi\u00f3n solicitadas contra 31 acad\u00e9micos, cient\u00edficos y ex servidores p\u00fablicos del Consejo Nacional de Ciencia y Tecnolog\u00eda (Conacyt) consider\u00f3 que el Foro Consultivo Cient\u00edfico y Tecnol\u00f3gico (FCCyT) oper\u00f3 bajo las reglas previstas en la ley, motivo por el cual los 244 millones de pesos que utiliz\u00f3 de [&hellip;]<\/p>\n","protected":false},"author":35,"featured_media":25361,"comment_status":"open","ping_status":"open","sticky":false,"template":"","format":"standard","meta":{"_monsterinsights_skip_tracking":false,"_monsterinsights_sitenote_active":false,"_monsterinsights_sitenote_note":"","_monsterinsights_sitenote_category":0,"footnotes":""},"categories":[158],"tags":[395],"class_list":["post-26079","post","type-post","status-publish","format-standard","has-post-thumbnail","hentry","category-politica","tag-conacyt","wp-image-borders"],"amp_enabled":true,"_links":{"self":[{"href":"https:\/\/nvnoticias.mx\/index.php\/wp-json\/wp\/v2\/posts\/26079","targetHints":{"allow":["GET"]}}],"collection":[{"href":"https:\/\/nvnoticias.mx\/index.php\/wp-json\/wp\/v2\/posts"}],"about":[{"href":"https:\/\/nvnoticias.mx\/index.php\/wp-json\/wp\/v2\/types\/post"}],"author":[{"embeddable":true,"href":"https:\/\/nvnoticias.mx\/index.php\/wp-json\/wp\/v2\/users\/35"}],"replies":[{"embeddable":true,"href":"https:\/\/nvnoticias.mx\/index.php\/wp-json\/wp\/v2\/comments?post=26079"}],"version-history":[{"count":2,"href":"https:\/\/nvnoticias.mx\/index.php\/wp-json\/wp\/v2\/posts\/26079\/revisions"}],"predecessor-version":[{"id":26081,"href":"https:\/\/nvnoticias.mx\/index.php\/wp-json\/wp\/v2\/posts\/26079\/revisions\/26081"}],"wp:featuredmedia":[{"embeddable":true,"href":"https:\/\/nvnoticias.mx\/index.php\/wp-json\/wp\/v2\/media\/25361"}],"wp:attachment":[{"href":"https:\/\/nvnoticias.mx\/index.php\/wp-json\/wp\/v2\/media?parent=26079"}],"wp:term":[{"taxonomy":"category","embeddable":true,"href":"https:\/\/nvnoticias.mx\/index.php\/wp-json\/wp\/v2\/categories?post=26079"},{"taxonomy":"post_tag","embeddable":true,"href":"https:\/\/nvnoticias.mx\/index.php\/wp-json\/wp\/v2\/tags?post=26079"}],"curies":[{"name":"wp","href":"https:\/\/api.w.org\/{rel}","templated":true}]}}