{"id":25843,"date":"2021-09-27T10:52:57","date_gmt":"2021-09-27T15:52:57","guid":{"rendered":"https:\/\/nvnoticias.mx\/?p=25843"},"modified":"2021-09-27T12:35:35","modified_gmt":"2021-09-27T17:35:35","slug":"estoy-listo-para-competir-por-la-presidencia-monreal","status":"publish","type":"post","link":"https:\/\/nvnoticias.mx\/index.php\/2021\/09\/27\/estoy-listo-para-competir-por-la-presidencia-monreal\/","title":{"rendered":"\u201cEstoy listo para competir por la Presidencia\u201d: Monreal"},"content":{"rendered":"\n<p>El senador Ricardo Monreal \u00c1vila dijo estar listo para obtener la candidatura de Morena a la Presidencia en 2024, ganar la contienda electoral y profundizar el cambio de r\u00e9gimen y la transici\u00f3n pol\u00edtica que inici\u00f3 el presidente Andr\u00e9s Manuel L\u00f3pez Obrador.<\/p>\n\n\n\n<p>Entrevistado durante su visita en San Luis Potos\u00ed para asistir a la toma de protesta del nuevo gobernador Ricardo Gallardo, afirm\u00f3 que \u00e9l puede continuar con el proceso democr\u00e1tico que vive M\u00e9xico, por lo que, en su momento, se inscribir\u00e1 y participar\u00e1 con las reglas que fije el partido para ganar la candidatura y luego la Presidencia.<\/p>\n\n\n\n<blockquote class=\"wp-block-quote is-layout-flow wp-block-quote-is-layout-flow\"><p>\u201cMe he preparado, estoy preparado, estoy en la plenitud de mi lucidez, de mi inteligencia y de mi experiencia.&#8221;<\/p><\/blockquote>\n\n\n\n<blockquote class=\"wp-block-quote is-layout-flow wp-block-quote-is-layout-flow\"><p>\u201cCreo que puedo profundizar el cambio y esta transici\u00f3n pol\u00edtica que inici\u00f3 el presidente L\u00f3pez Obrador\u201d, asegur\u00f3.<\/p><\/blockquote>\n\n\n\n<p>Monreal \u00c1vila tambi\u00e9n hizo un llamado a la poblaci\u00f3n de San Luis Potos\u00ed para que le den la oportunidad a Ricardo Gallardo de \u201cgobernar bien, sin excesos, sin persecuci\u00f3n, con una actitud conciliadora\u201d.<\/p>\n\n\n\n<p>Destac\u00f3 que el pasado proceso electoral dividi\u00f3 en dos a ese estado: \u201cAhora debe conciliarse para que San Luis Potos\u00ed siga creciendo y desarroll\u00e1ndose\u201d, asegur\u00f3 el morenista.<\/p>\n\n\n\n<p>Como muchas entidades de la Rep\u00fablica, agreg\u00f3 el legislador del guinda, este estado tiene muchos problemas y \u201ctodos tenemos que sumarnos al esfuerzo\u201d y resolverlos.<\/p>\n\n\n\n<blockquote class=\"wp-block-quote is-layout-flow wp-block-quote-is-layout-flow\"><p>\u201cRicardo tiene la oportunidad de ser un buen gobernador y de convencer a la otra mitad que no vot\u00f3 por \u00e9l. Yo conf\u00edo en que va a hacer un buen gobierno, tiene sensibilidad, tiene experiencia y nosotros, desde el Congreso, intentaremos ayudar al estado\u201d, expres\u00f3.<\/p><\/blockquote>\n\n\n\n<p>Adem\u00e1s, sugiri\u00f3 Monreal \u00c1vila al nuevo mandatario estatal \u201cque se oriente mucho a la pol\u00edtica social, que gobierne con ecuanimidad e intente administrar con prudencia, sin venganzas y sin buscar en el pasado cobrar facturas\u201d.<\/p>\n\n\n\n<p>Lo mejor para un gobernador, precis\u00f3, es caminar con equilibrios, sin exabruptos, sin excesos y conciliando a todo el pueblo, a los que votaron por \u00e9l y a los que no votaron por \u00e9l, a los que creen en \u00e9l y a los que no creen en \u00e9l, concluy\u00f3 el legislador morenista.<\/p>\n\n\n\n<p>Fuente: El Universal<\/p>\n","protected":false},"excerpt":{"rendered":"<p>El senador Ricardo Monreal \u00c1vila dijo estar listo para obtener la candidatura de Morena a la Presidencia en 2024, ganar la contienda electoral y profundizar el cambio de r\u00e9gimen y la transici\u00f3n pol\u00edtica que inici\u00f3 el presidente Andr\u00e9s Manuel L\u00f3pez Obrador. Entrevistado durante su visita en San Luis Potos\u00ed para asistir a la toma de [&hellip;]<\/p>\n","protected":false},"author":6,"featured_media":25845,"comment_status":"open","ping_status":"open","sticky":false,"template":"","format":"standard","meta":{"_monsterinsights_skip_tracking":false,"_monsterinsights_sitenote_active":false,"_monsterinsights_sitenote_note":"","_monsterinsights_sitenote_category":0,"footnotes":""},"categories":[158],"tags":[162,1058,600],"class_list":["post-25843","post","type-post","status-publish","format-standard","has-post-thumbnail","hentry","category-politica","tag-portada","tag-presidencia","tag-ricardo-monreal","wp-image-borders"],"amp_enabled":true,"_links":{"self":[{"href":"https:\/\/nvnoticias.mx\/index.php\/wp-json\/wp\/v2\/posts\/25843","targetHints":{"allow":["GET"]}}],"collection":[{"href":"https:\/\/nvnoticias.mx\/index.php\/wp-json\/wp\/v2\/posts"}],"about":[{"href":"https:\/\/nvnoticias.mx\/index.php\/wp-json\/wp\/v2\/types\/post"}],"author":[{"embeddable":true,"href":"https:\/\/nvnoticias.mx\/index.php\/wp-json\/wp\/v2\/users\/6"}],"replies":[{"embeddable":true,"href":"https:\/\/nvnoticias.mx\/index.php\/wp-json\/wp\/v2\/comments?post=25843"}],"version-history":[{"count":2,"href":"https:\/\/nvnoticias.mx\/index.php\/wp-json\/wp\/v2\/posts\/25843\/revisions"}],"predecessor-version":[{"id":25867,"href":"https:\/\/nvnoticias.mx\/index.php\/wp-json\/wp\/v2\/posts\/25843\/revisions\/25867"}],"wp:featuredmedia":[{"embeddable":true,"href":"https:\/\/nvnoticias.mx\/index.php\/wp-json\/wp\/v2\/media\/25845"}],"wp:attachment":[{"href":"https:\/\/nvnoticias.mx\/index.php\/wp-json\/wp\/v2\/media?parent=25843"}],"wp:term":[{"taxonomy":"category","embeddable":true,"href":"https:\/\/nvnoticias.mx\/index.php\/wp-json\/wp\/v2\/categories?post=25843"},{"taxonomy":"post_tag","embeddable":true,"href":"https:\/\/nvnoticias.mx\/index.php\/wp-json\/wp\/v2\/tags?post=25843"}],"curies":[{"name":"wp","href":"https:\/\/api.w.org\/{rel}","templated":true}]}}