{"id":25676,"date":"2021-09-25T09:56:30","date_gmt":"2021-09-25T14:56:30","guid":{"rendered":"https:\/\/nvnoticias.mx\/?p=25676"},"modified":"2021-09-25T09:56:31","modified_gmt":"2021-09-25T14:56:31","slug":"amlo-errores-en-la-celac","status":"publish","type":"post","link":"https:\/\/nvnoticias.mx\/index.php\/2021\/09\/25\/amlo-errores-en-la-celac\/","title":{"rendered":"AMLO: Errores en la CELAC"},"content":{"rendered":"\n<p><strong>Luis Pazos<\/strong><\/p>\n\n\n\n<p>La Comunidad de Estados Latinoamericanos y Caribe\u00f1os, creada a finales del 2011, CELAC, tiene como objetivo lograr una mayor integraci\u00f3n de los pa\u00edses Latinoamericanos, lo cual es loable; pero en su sexta reuni\u00f3n en M\u00e9xico se manipul\u00f3 por gobernantes de izquierda para culpar a los EUA de su atraso y tratar de contaminar a todos los pa\u00edses con esas ideas.<\/p>\n\n\n\n<p>Buscar la sustituci\u00f3n de la OEA, Organizaci\u00f3n de Estados Americano, por la CELAC es el primer equivoco del presidente L\u00f3pez Obrador, quien habl\u00f3 de crear un organismo como la Uni\u00f3n Europea, que ya existe, la Organizaci\u00f3n de Estados Americanos.<\/p>\n\n\n\n<p>El segundo error fue invitar y darles un lugar privilegiado a gobernantes de Cuba y Venezuela, dictaduras que no contribuyen a la integraci\u00f3n democr\u00e1tica de Am\u00e9rica Latina, que han empobrecido a sus pueblos y generado la emigraci\u00f3n de m\u00e1s de un mill\u00f3n 600 mil cubanos y cerca de 5 millones de venezolanos, que salieron de sus pa\u00edses por el aumento de la pobreza, reducci\u00f3n de las libertades y expropiaciones de las empresas.<\/p>\n\n\n\n<p>El tercer error fue tachar a los Estados Unidos de intervencionista al fincar un embargo al gobierno socialista cubano. Castro corri\u00f3 a los inversionistas de EUA y les expropi\u00f3 sus empresas sin pagarles. Los due\u00f1os de esas empresas<\/p>\n\n\n\n<p>ganaron juicios en EUA, que les da derecho de embargar barcos y mercanc\u00edas provenientes de la isla. Pero el gobierno cubano puede exportar e importar a M\u00e9xico y a todos los pa\u00edses del mundo, no hay un bloqueo mundial. La escasez cr\u00f3nica de alimentos, viviendas, ropa y libertades, no es culpa de los Estados Unidos, sino de m\u00e1s de medio siglo de gobierno castrista, y del socialismo real o capitalismo de Estado que impera en esa isla.<\/p>\n\n\n\n<p>El cuarto error es atacar a su principal socio comercial, destino de cerca del 80% de las exportaciones de M\u00e9xico y el principal origen, casi del 50%, de la inversi\u00f3n extranjera directa, la que genera empleo y crecimiento econ\u00f3mico en M\u00e9xico.<\/p>\n\n\n\n<p>La reuni\u00f3n de la CELAC organizada por el presidente L\u00f3pez Obrador puede considerarse un fracaso. Estuvieron ausentes los pa\u00edses con mayor peso en Latinoam\u00e9rica, el 60%: Argentina, Brasil, Chile y Panam\u00e1. En esa reuni\u00f3n no se cumpli\u00f3 el objetivo de armonizar las relaciones entre los pa\u00edses de Iberoam\u00e9rica. Predominaron los enfrentamientos y acusaciones.<\/p>\n","protected":false},"excerpt":{"rendered":"<p>Luis Pazos La Comunidad de Estados Latinoamericanos y Caribe\u00f1os, creada a finales del 2011, CELAC, tiene como objetivo lograr una mayor integraci\u00f3n de los pa\u00edses Latinoamericanos, lo cual es loable; pero en su sexta reuni\u00f3n en M\u00e9xico se manipul\u00f3 por gobernantes de izquierda para culpar a los EUA de su atraso y tratar de contaminar [&hellip;]<\/p>\n","protected":false},"author":16,"featured_media":24971,"comment_status":"open","ping_status":"open","sticky":false,"template":"","format":"standard","meta":{"_monsterinsights_skip_tracking":false,"_monsterinsights_sitenote_active":false,"_monsterinsights_sitenote_note":"","_monsterinsights_sitenote_category":0,"footnotes":""},"categories":[248],"tags":[171],"class_list":["post-25676","post","type-post","status-publish","format-standard","has-post-thumbnail","hentry","category-luis-pazos","tag-luis-pazos","wp-image-borders"],"amp_enabled":true,"_links":{"self":[{"href":"https:\/\/nvnoticias.mx\/index.php\/wp-json\/wp\/v2\/posts\/25676","targetHints":{"allow":["GET"]}}],"collection":[{"href":"https:\/\/nvnoticias.mx\/index.php\/wp-json\/wp\/v2\/posts"}],"about":[{"href":"https:\/\/nvnoticias.mx\/index.php\/wp-json\/wp\/v2\/types\/post"}],"author":[{"embeddable":true,"href":"https:\/\/nvnoticias.mx\/index.php\/wp-json\/wp\/v2\/users\/16"}],"replies":[{"embeddable":true,"href":"https:\/\/nvnoticias.mx\/index.php\/wp-json\/wp\/v2\/comments?post=25676"}],"version-history":[{"count":1,"href":"https:\/\/nvnoticias.mx\/index.php\/wp-json\/wp\/v2\/posts\/25676\/revisions"}],"predecessor-version":[{"id":25677,"href":"https:\/\/nvnoticias.mx\/index.php\/wp-json\/wp\/v2\/posts\/25676\/revisions\/25677"}],"wp:featuredmedia":[{"embeddable":true,"href":"https:\/\/nvnoticias.mx\/index.php\/wp-json\/wp\/v2\/media\/24971"}],"wp:attachment":[{"href":"https:\/\/nvnoticias.mx\/index.php\/wp-json\/wp\/v2\/media?parent=25676"}],"wp:term":[{"taxonomy":"category","embeddable":true,"href":"https:\/\/nvnoticias.mx\/index.php\/wp-json\/wp\/v2\/categories?post=25676"},{"taxonomy":"post_tag","embeddable":true,"href":"https:\/\/nvnoticias.mx\/index.php\/wp-json\/wp\/v2\/tags?post=25676"}],"curies":[{"name":"wp","href":"https:\/\/api.w.org\/{rel}","templated":true}]}}