{"id":25659,"date":"2021-09-25T09:40:07","date_gmt":"2021-09-25T14:40:07","guid":{"rendered":"https:\/\/nvnoticias.mx\/?p=25659"},"modified":"2021-09-25T09:40:08","modified_gmt":"2021-09-25T14:40:08","slug":"retiran-diputados-acrilicos-que-costaron-3-7mdp","status":"publish","type":"post","link":"https:\/\/nvnoticias.mx\/index.php\/2021\/09\/25\/retiran-diputados-acrilicos-que-costaron-3-7mdp\/","title":{"rendered":"Retiran Diputados acr\u00edlicos que costaron 3.7mdp"},"content":{"rendered":"\n<p>La\u00a0C\u00e1mara de Diputados\u00a0inform\u00f3 que se invirti\u00f3 3.7 millones de pesos en la colocaci\u00f3n de acr\u00edlicos en las curules de los legisladores, pero fueron retirados ante la valoraci\u00f3n cient\u00edfica de que no funcionan para detener la propagaci\u00f3n del\u00a0coronavirus SARS-CoV-2\u00a0e incluso existe la posibilidad de que aumenta el riesgo de contagio.<\/p>\n\n\n\n<p>A trav\u00e9s de un comunicado, el Palacio Legislativo de San L\u00e1zaro se\u00f1al\u00f3 que en atenci\u00f3n a las recomendaciones sanitarias por la pandemia del COVID-19,\u00a0la C\u00e1mara adopt\u00f3 medidas para poder continuar con las actividades\u00a0sin poner en riesgo la vida de las personas que diariamente laboran ah\u00ed.<\/p>\n\n\n\n<p>Una de las medidas en la LXIV Legislatura fue la instalaci\u00f3n de\u00a0separadores de acr\u00edlico entre cada una de las curules del Pleno, pues se dio en un primer momento considerando la informaci\u00f3n con la que se contaba sobre la transmisi\u00f3n del virus por aerosoles, contacto con mucosa y la asistencia de un n\u00famero reducido de legisladores.<\/p>\n\n\n\n<blockquote class=\"wp-block-quote is-layout-flow wp-block-quote-is-layout-flow\"><p>\u201cAnte el inicio de la LXV Legislatura y la posibilidad de que asistieran m\u00e1s legisladores, se decidi\u00f3 colocar los acr\u00edlicos en todas las curules.\u00a0La inversi\u00f3n total, entre 2020 y 2021, para la adquisici\u00f3n de estas mamparas de acr\u00edlico,\u00a0fue de 3.7 millones de pesos\u201d, declar\u00f3.<\/p><\/blockquote>\n\n\n\n<p>No obstante, agreg\u00f3 en el comunicado, en junio de 2021 la valoraci\u00f3n cient\u00edfica sobre la eficacia de esta medida \u201capuntaba hacia el sentido contrario\u201d, incluso a\u00a0la posibilidad de aumentar los riesgos de contagio.<\/p>\n\n\n\n<p>La C\u00e1mara explic\u00f3 que, de acuerdo a los estudios, en condiciones normales las part\u00edculas expulsadas por un individuo se dispersan y son llevadas por las corrientes de aire antes de ser reemplazadas por aire fresco, pero\u00a0con las mamparas de acr\u00edlico el flujo de aire se altera y crea \u201czonas muertas\u201d, sitios donde las part\u00edculas se acumulan.<\/p>\n\n\n\n<p>Al 31 de agosto del presente, agreg\u00f3,\u00a02,399 personas\u00a0adscritas a la C\u00e1mara de Diputados, de un total de 6,500, es decir, 36 por ciento, reportaron voluntariamente\u00a0haber sido vacunadas contra el Covid-19.<\/p>\n\n\n\n<p>Por lo que, con la informaci\u00f3n que se recab\u00f3 sobre la efectividad de algunas medidas para mitigar la propagaci\u00f3n del virus, se acord\u00f3 en la Junta de Coordinaci\u00f3n Pol\u00edtica (Jucopo)\u00a0retirar las mamparas de acr\u00edlico y poner a consideraci\u00f3n su reutilizaci\u00f3n.<\/p>\n\n\n\n<p>Fuente: Infobae<\/p>\n","protected":false},"excerpt":{"rendered":"<p>La\u00a0C\u00e1mara de Diputados\u00a0inform\u00f3 que se invirti\u00f3 3.7 millones de pesos en la colocaci\u00f3n de acr\u00edlicos en las curules de los legisladores, pero fueron retirados ante la valoraci\u00f3n cient\u00edfica de que no funcionan para detener la propagaci\u00f3n del\u00a0coronavirus SARS-CoV-2\u00a0e incluso existe la posibilidad de que aumenta el riesgo de contagio. A trav\u00e9s de un comunicado, el [&hellip;]<\/p>\n","protected":false},"author":35,"featured_media":17496,"comment_status":"open","ping_status":"open","sticky":false,"template":"","format":"standard","meta":{"_monsterinsights_skip_tracking":false,"_monsterinsights_sitenote_active":false,"_monsterinsights_sitenote_note":"","_monsterinsights_sitenote_category":0,"footnotes":""},"categories":[158],"tags":[1555],"class_list":["post-25659","post","type-post","status-publish","format-standard","has-post-thumbnail","hentry","category-politica","tag-camara-de-diputados","wp-image-borders"],"amp_enabled":true,"_links":{"self":[{"href":"https:\/\/nvnoticias.mx\/index.php\/wp-json\/wp\/v2\/posts\/25659","targetHints":{"allow":["GET"]}}],"collection":[{"href":"https:\/\/nvnoticias.mx\/index.php\/wp-json\/wp\/v2\/posts"}],"about":[{"href":"https:\/\/nvnoticias.mx\/index.php\/wp-json\/wp\/v2\/types\/post"}],"author":[{"embeddable":true,"href":"https:\/\/nvnoticias.mx\/index.php\/wp-json\/wp\/v2\/users\/35"}],"replies":[{"embeddable":true,"href":"https:\/\/nvnoticias.mx\/index.php\/wp-json\/wp\/v2\/comments?post=25659"}],"version-history":[{"count":2,"href":"https:\/\/nvnoticias.mx\/index.php\/wp-json\/wp\/v2\/posts\/25659\/revisions"}],"predecessor-version":[{"id":25666,"href":"https:\/\/nvnoticias.mx\/index.php\/wp-json\/wp\/v2\/posts\/25659\/revisions\/25666"}],"wp:featuredmedia":[{"embeddable":true,"href":"https:\/\/nvnoticias.mx\/index.php\/wp-json\/wp\/v2\/media\/17496"}],"wp:attachment":[{"href":"https:\/\/nvnoticias.mx\/index.php\/wp-json\/wp\/v2\/media?parent=25659"}],"wp:term":[{"taxonomy":"category","embeddable":true,"href":"https:\/\/nvnoticias.mx\/index.php\/wp-json\/wp\/v2\/categories?post=25659"},{"taxonomy":"post_tag","embeddable":true,"href":"https:\/\/nvnoticias.mx\/index.php\/wp-json\/wp\/v2\/tags?post=25659"}],"curies":[{"name":"wp","href":"https:\/\/api.w.org\/{rel}","templated":true}]}}