{"id":25474,"date":"2021-09-23T14:26:25","date_gmt":"2021-09-23T19:26:25","guid":{"rendered":"https:\/\/nvnoticias.mx\/?p=25474"},"modified":"2021-09-23T14:28:12","modified_gmt":"2021-09-23T19:28:12","slug":"la-decision-panista","status":"publish","type":"post","link":"https:\/\/nvnoticias.mx\/index.php\/2021\/09\/23\/la-decision-panista\/","title":{"rendered":"La decisi\u00f3n panista"},"content":{"rendered":"\n<p>   <\/p>\n\n\n\n<blockquote class=\"wp-block-quote is-layout-flow wp-block-quote-is-layout-flow\"><p>Ponte anteojos y, como un politicastro, rastrero, aparenta ver lo que no es.<\/p><cite>Shakespeare, El rey Lear<\/cite><\/blockquote>\n\n\n\n<p>Precisemos hechos. M\u00e1s que como oferta de gobierno, el PAN se cre\u00f3 como contenci\u00f3n a los abusos del poder. Me atrevo a afirmar que desde su origen le ten\u00eda temor a ejercer responsabilidades p\u00fablicas. Era m\u00e1s conciencia cr\u00edtica que acci\u00f3n correctiva. La ambici\u00f3n pol\u00edtica se fue generando en la medida que se fueron obteniendo triunfos electorales. Ah\u00ed comenzaron sus tribulaciones. Dejaron de ser so\u00f1adores para agregar una fuerte dosis de ambici\u00f3n. Nada extra\u00f1o en la historia de la democracia.<\/p>\n\n\n\n<p>Hubo un punto de inflexi\u00f3n cuando en septiembre de 1982, el presidente L\u00f3pez Portillo expropia la banca. El pacto priista entre hombres de dinero y hombres de poder se disolvi\u00f3, beneficiando al PAN. A sus filas arribaron liderazgos con vocaci\u00f3n de ganadores, recursos econ\u00f3micos y estrategia electoral. De alguna forma, en detrimento de su idealista sustento doctrinario. Ah\u00ed se iniciaba la aut\u00e9ntica competencia partidista con todas sus ventajas y desventajas. Ah\u00ed tambi\u00e9n arrancaba un aut\u00e9ntico crujir de los cimientos del Estado de derecho. La confrontaci\u00f3n consabida en toda la historia: ideal&nbsp;<em>vs.&nbsp;<\/em>realidad.<\/p>\n\n\n\n<p>El PAN continu\u00f3 su lucha. Lo he dicho, creo que su saldo es favorable\u2026 hasta ahora.<\/p>\n\n\n\n<p>Lo acontecido en su proceso de renovaci\u00f3n de dirigentes puede conducir a una aut\u00e9ntica debacle. El m\u00e9todo para hacerlo fue modificado con enorme torpeza e irresponsabilidad hace algunos a\u00f1os. Hoy, para que un aspirante pueda obtener su registro, debe contar con el apoyo del 10 por ciento del padr\u00f3n de militantes. Algo as\u00ed como 27 mil firmas. Para lograrlo se requieren recursos de toda \u00edndole.<\/p>\n\n\n\n<p>Particip\u00e9 en la operaci\u00f3n a favor de Adriana D\u00e1vila y con gran orgullo fui testigo del enorme esfuerzo de sus seguidores en todo el pa\u00eds. No lo logramos, la cifra no rebas\u00f3 las 20 mil adhesiones. Con soberbia, mediante corrupci\u00f3n, amenazas, utilizando estructuras partidistas y gubernamentales, el contrincante obtuvo, en escasos d\u00edas, m\u00e1s de 100 mil firmas. La comisi\u00f3n organizadora, evidentemente parcial, ha sido pasiva para sancionar las irregularidades. En estos d\u00edas, ojal\u00e1 me equivoque, habr\u00e1 de legalizar el avasallamiento del aut\u00e9ntico panismo.<\/p>\n\n\n\n<p>Cabe otra posibilidad, m\u00e1s \u00e9tica e institucional: anular el proceso. El requisito de las firmas, respetando la normatividad interna, ha sido aberrante y pr\u00e1cticamente incumplible. Quien s\u00ed lo alcanz\u00f3 (todo el panismo lo sabe) fue violando ordenamientos internos e incurriendo en maniobras que el PAN ha condenado durante toda su historia.<\/p>\n\n\n\n<p>Si la comisi\u00f3n y posteriormente el Consejo del PAN convalidan una candidatura \u00fanica, manchar\u00edan el proceso con una incontestable se\u00f1al de corrupci\u00f3n. Si se efectuara una elecci\u00f3n con un solo candidato en la boleta, el alto grado de abstenci\u00f3n, la cantidad de votos anulados o por otro candidato ocasionar\u00eda un ejercicio viciado. Si, por \u00faltimo, un \u00f3rgano jurisdiccional ajeno al partido anulara el proceso, las consecuencias ser\u00edan da\u00f1inas.<\/p>\n\n\n\n<p>Por todo lo anterior, s\u00f3lo queda una soluci\u00f3n: anular el proceso, designar un presidente interino y convocar a una asamblea que reforme el m\u00e9todo para elegir dirigentes.<\/p>\n\n\n\n<p>El fundador fue el primero en afirmar que el PAN no ten\u00eda due\u00f1o ni patr\u00f3n. Lo concibi\u00f3 como una noble instituci\u00f3n sirviendo a valores superiores. Hoy su tarea trasciende en mucho la vida interna del partido. Est\u00e1 involucrado en el deber de enrumbar nuestra democracia. El pr\u00f3ximo dirigente debe tener legitimidad, con todo lo que eso implica. Perseverar en lo que desde el inicio constituye una garrafal equivocaci\u00f3n y una sucia maniobra ser\u00eda un triunfo de ambiciones personales sobre los principios panistas y conducir\u00eda a una escisi\u00f3n.<\/p>\n\n\n\n<p>Est\u00e1n por asumirse las decisiones en el momento que redacto estas l\u00edneas. Los responsables han sido se\u00f1alados por obedecer las indicaciones de quien los propuso. Ojal\u00e1, por sobre las consignas, prevalezca el sentido del deber y la lealtad a la instituci\u00f3n. <\/p>\n\n\n\n<p class=\"has-text-align-right\"><strong>Juan Jos\u00e9 Rodr\u00edguez Prats<\/strong><\/p>\n","protected":false},"excerpt":{"rendered":"<p>Ponte anteojos y, como un politicastro, rastrero, aparenta ver lo que no es. Shakespeare, El rey Lear Precisemos hechos. M\u00e1s que como oferta de gobierno, el PAN se cre\u00f3 como contenci\u00f3n a los abusos del poder. Me atrevo a afirmar que desde su origen le ten\u00eda temor a ejercer responsabilidades p\u00fablicas. Era m\u00e1s conciencia cr\u00edtica [&hellip;]<\/p>\n","protected":false},"author":17,"featured_media":4030,"comment_status":"open","ping_status":"open","sticky":false,"template":"","format":"standard","meta":{"_monsterinsights_skip_tracking":false,"_monsterinsights_sitenote_active":false,"_monsterinsights_sitenote_note":"","_monsterinsights_sitenote_category":0,"footnotes":""},"categories":[614],"tags":[172],"class_list":["post-25474","post","type-post","status-publish","format-standard","has-post-thumbnail","hentry","category-politica-de-principios","tag-juan-jose-rodriguez-prats","wp-image-borders"],"amp_enabled":true,"_links":{"self":[{"href":"https:\/\/nvnoticias.mx\/index.php\/wp-json\/wp\/v2\/posts\/25474","targetHints":{"allow":["GET"]}}],"collection":[{"href":"https:\/\/nvnoticias.mx\/index.php\/wp-json\/wp\/v2\/posts"}],"about":[{"href":"https:\/\/nvnoticias.mx\/index.php\/wp-json\/wp\/v2\/types\/post"}],"author":[{"embeddable":true,"href":"https:\/\/nvnoticias.mx\/index.php\/wp-json\/wp\/v2\/users\/17"}],"replies":[{"embeddable":true,"href":"https:\/\/nvnoticias.mx\/index.php\/wp-json\/wp\/v2\/comments?post=25474"}],"version-history":[{"count":1,"href":"https:\/\/nvnoticias.mx\/index.php\/wp-json\/wp\/v2\/posts\/25474\/revisions"}],"predecessor-version":[{"id":25475,"href":"https:\/\/nvnoticias.mx\/index.php\/wp-json\/wp\/v2\/posts\/25474\/revisions\/25475"}],"wp:featuredmedia":[{"embeddable":true,"href":"https:\/\/nvnoticias.mx\/index.php\/wp-json\/wp\/v2\/media\/4030"}],"wp:attachment":[{"href":"https:\/\/nvnoticias.mx\/index.php\/wp-json\/wp\/v2\/media?parent=25474"}],"wp:term":[{"taxonomy":"category","embeddable":true,"href":"https:\/\/nvnoticias.mx\/index.php\/wp-json\/wp\/v2\/categories?post=25474"},{"taxonomy":"post_tag","embeddable":true,"href":"https:\/\/nvnoticias.mx\/index.php\/wp-json\/wp\/v2\/tags?post=25474"}],"curies":[{"name":"wp","href":"https:\/\/api.w.org\/{rel}","templated":true}]}}