{"id":25407,"date":"2021-09-23T09:35:26","date_gmt":"2021-09-23T14:35:26","guid":{"rendered":"https:\/\/nvnoticias.mx\/?p=25407"},"modified":"2021-09-23T09:35:27","modified_gmt":"2021-09-23T14:35:27","slug":"pronostica-director-moderna-cuando-terminara-la-pandemia","status":"publish","type":"post","link":"https:\/\/nvnoticias.mx\/index.php\/2021\/09\/23\/pronostica-director-moderna-cuando-terminara-la-pandemia\/","title":{"rendered":"Pronostica director del laboratorio Moderna cu\u00e1ndo terminar\u00e1 la pandemia"},"content":{"rendered":"\n<p>El director ejecutivo del laboratorio fabricante de vacunas Moderna, St\u00e9phane Bancel, cree que la pandemia podr\u00eda terminar en un a\u00f1o, y pronostic\u00f3 que aquellos que no reciban \u201cpinchazos\u201d se \u201cinmunizar\u00e1n naturalmente\u201d ya que la variante Delta es tan contagiosa que est\u00e1 llevando a una situaci\u00f3n similar a la gripe.<\/p>\n\n\n\n<p>Las proyecciones del ejecutivo se dan el mismo d\u00eda en el que la Organizaci\u00f3n Mundial de la Salud (OMS) confirm\u00f3 una tendencia a la baja de la pandemia. Seg\u00fan el organismo, los 3,6 millones de casos globales de COVID-19 registrados en la semana entre el 13 y el 19 de septiembre suponen un descenso del 9% con respecto a los siete d\u00edas anteriores, con lo cual es la segunda semana consecutiva de ca\u00edda en los contagios de la poblaci\u00f3n mundial. Para la OMS, los fallecidos en el mismo periodo fueron 59.000, un 7% menos que en la semana anterior, la cuarta consecutiva de descenso.<\/p>\n\n\n\n<p>Cuando se le pregunt\u00f3 a Bancel si eso significaba un regreso a la normalidad en la segunda mitad del pr\u00f3ximo a\u00f1o, dijo: \u201cA partir de hoy, en un a\u00f1o, supongo\u201d.<\/p>\n\n\n\n<p>Aplicadas 6 mil millones de vacunas en todo el mundo, Bancel tambi\u00e9n explic\u00f3 que la producci\u00f3n actual de sueros anti COVID-19 significa que todos en el mundo deber\u00edan poder vacunarse a mediados de 2022.<\/p>\n\n\n\n<p>La declaraciones del responsable del laboratorio estadounidenses, efectuadas al peri\u00f3dico suizo Neue Zuercher Zeitung, resaltaron la expansi\u00f3n de las capacidades de producci\u00f3n en toda la industria durante los \u00faltimos seis meses, que seg\u00fan sus proyecciones, \u201cdeber\u00eda ser suficientes dosis disponibles para mediados del pr\u00f3ximo a\u00f1o para que todos en esta tierra puedan ser vacunados\u201d.<\/p>\n\n\n\n<p>Coincidiendo con otros expertos, que adelantan que reci\u00e9n en la primavera del hemisferio norte se podr\u00e1 lograr un retorno a la normalidad, Bancel agreg\u00f3 que \u201cquienes no se vacunen se inmunizar\u00e1n de forma natural, porque la variante Delta es muy contagiosa. De esta manera terminaremos en una situaci\u00f3n similar a la de la gripe.<\/p>\n\n\n\n<p>Con una variante altamente contagiosas, como Delta, originaria de la India, el jefe de Moderna, llam\u00f3 a vacunarse para evitar un infecci\u00f3n por el virus: \u201c<em>Puede vacunarse y pasar un buen invierno. O no hacerlo y correr el riesgo de enfermarse y posiblemente incluso terminar en el hospital\u201d.<\/em><\/p>\n\n\n\n<p>Tambi\u00e9n el consejero delegado del laboratorio se refiri\u00f3 al crecimiento de casos entre los menores de 12 a\u00f1os, poblaci\u00f3n que a\u00fan no esta considerada dentro de los planes de vacunaci\u00f3n. Afirm\u00f3 que pronto las inyecciones estar\u00edan disponibles incluso para beb\u00e9s.<\/p>\n\n\n\n<p>En esa misma l\u00ednea de advertencias, el director m\u00e9dico de Inglaterra, Chris Whitty, ha declarado que la transmisi\u00f3n del COVID-19 es mayor en los ni\u00f1os de 12 a 15 a\u00f1os, y que casi todos los ni\u00f1os no vacunados se podr\u00edan infectar en alg\u00fan momento.<\/p>\n\n\n\n<p>Aunque es probable que alrededor de la mitad de los ni\u00f1os ya hayan tenido COVID-19, dijo, la protecci\u00f3n puede disminuir y un programa de vacunaci\u00f3n ser\u00eda menos perturbador para las escuelas que si los ni\u00f1os se contagiaran.<\/p>\n\n\n\n<p>Fuente: Infobae<\/p>\n","protected":false},"excerpt":{"rendered":"<p>El director ejecutivo del laboratorio fabricante de vacunas Moderna, St\u00e9phane Bancel, cree que la pandemia podr\u00eda terminar en un a\u00f1o, y pronostic\u00f3 que aquellos que no reciban \u201cpinchazos\u201d se \u201cinmunizar\u00e1n naturalmente\u201d ya que la variante Delta es tan contagiosa que est\u00e1 llevando a una situaci\u00f3n similar a la gripe. Las proyecciones del ejecutivo se dan [&hellip;]<\/p>\n","protected":false},"author":6,"featured_media":25408,"comment_status":"open","ping_status":"open","sticky":false,"template":"","format":"standard","meta":{"_monsterinsights_skip_tracking":false,"_monsterinsights_sitenote_active":false,"_monsterinsights_sitenote_note":"","_monsterinsights_sitenote_category":0,"footnotes":""},"categories":[181],"tags":[175,719,318],"class_list":["post-25407","post","type-post","status-publish","format-standard","has-post-thumbnail","hentry","category-internacional","tag-covid-19","tag-moderna","tag-pandemia","wp-image-borders"],"amp_enabled":true,"_links":{"self":[{"href":"https:\/\/nvnoticias.mx\/index.php\/wp-json\/wp\/v2\/posts\/25407","targetHints":{"allow":["GET"]}}],"collection":[{"href":"https:\/\/nvnoticias.mx\/index.php\/wp-json\/wp\/v2\/posts"}],"about":[{"href":"https:\/\/nvnoticias.mx\/index.php\/wp-json\/wp\/v2\/types\/post"}],"author":[{"embeddable":true,"href":"https:\/\/nvnoticias.mx\/index.php\/wp-json\/wp\/v2\/users\/6"}],"replies":[{"embeddable":true,"href":"https:\/\/nvnoticias.mx\/index.php\/wp-json\/wp\/v2\/comments?post=25407"}],"version-history":[{"count":1,"href":"https:\/\/nvnoticias.mx\/index.php\/wp-json\/wp\/v2\/posts\/25407\/revisions"}],"predecessor-version":[{"id":25409,"href":"https:\/\/nvnoticias.mx\/index.php\/wp-json\/wp\/v2\/posts\/25407\/revisions\/25409"}],"wp:featuredmedia":[{"embeddable":true,"href":"https:\/\/nvnoticias.mx\/index.php\/wp-json\/wp\/v2\/media\/25408"}],"wp:attachment":[{"href":"https:\/\/nvnoticias.mx\/index.php\/wp-json\/wp\/v2\/media?parent=25407"}],"wp:term":[{"taxonomy":"category","embeddable":true,"href":"https:\/\/nvnoticias.mx\/index.php\/wp-json\/wp\/v2\/categories?post=25407"},{"taxonomy":"post_tag","embeddable":true,"href":"https:\/\/nvnoticias.mx\/index.php\/wp-json\/wp\/v2\/tags?post=25407"}],"curies":[{"name":"wp","href":"https:\/\/api.w.org\/{rel}","templated":true}]}}