{"id":25385,"date":"2021-09-23T08:34:12","date_gmt":"2021-09-23T13:34:12","guid":{"rendered":"https:\/\/nvnoticias.mx\/?p=25385"},"modified":"2021-09-23T08:34:13","modified_gmt":"2021-09-23T13:34:13","slug":"aprueban-51-comisiones-en-camara-de-diputados","status":"publish","type":"post","link":"https:\/\/nvnoticias.mx\/index.php\/2021\/09\/23\/aprueban-51-comisiones-en-camara-de-diputados\/","title":{"rendered":"Aprueban 51 comisiones en c\u00e1mara de Diputados"},"content":{"rendered":"\n<p>La Junta de Coordinaci\u00f3n Pol\u00edtica de la C\u00e1mara de Diputados aprob\u00f3 la ampliaci\u00f3n de 46 a 51 comisiones ordinarias para la 65 Legislatura en el Palacio de San L\u00e1zaro, de las cuales Morena presidir\u00e1 20; el PAN, 12; el PRI, siete; el PVEM, cuatro; el PT, cuatro; Movimiento Ciudadano, dos, y PRD, dos. <\/p>\n\n\n\n<p>La bancada de MC vot\u00f3 en contra, al denunciar un pacto PRI-Morena (&#8216;Primor&#8217;) para \u201cagandallar\u201d la Comisi\u00f3n de Vigilancia de la Auditor\u00eda Superior de la Federaci\u00f3n y entregarla a la bancada priista, con el fin de \u201ccuidarle las espaldas\u201d al gobierno federal, mientras el PAN se abstuvo por su desacuerdo con la asignaci\u00f3n de la Comisi\u00f3n de Hacienda. <\/p>\n\n\n\n<p>Morena encabezar\u00e1 a su vez las comisiones clave para el proyecto de la llamada cuarta transformaci\u00f3n, como las de Presupuesto, Puntos Constitucionales, Energ\u00eda, Educaci\u00f3n, Salud y Seguridad Ciudadana, as\u00ed como la nueva de Reforma Pol\u00edtico Electoral, entre otras. <\/p>\n\n\n\n<blockquote class=\"wp-block-quote is-layout-flow wp-block-quote-is-layout-flow\"><p>\u201cQuer\u00edamos tener una discusi\u00f3n racional, con base en temas y perfiles, pero esto lo ven ellos como un reparto de posiciones, lo votan a ciegas, porque esta es una dictadura, un acuerdo cupular, as\u00ed se decid\u00eda antes con el PRI, pero Morena es el nuevo PRI y juntos son el Primor\u201d, acus\u00f3 Jorge \u00c1lvarez M\u00e1ynez, coordinador de MC en la C\u00e1mara de Diputados. <\/p><\/blockquote>\n\n\n\n<p>No obstante, el presidente de la Junta de Coordinaci\u00f3n Pol\u00edtica y l\u00edder parlamentario del PRI, Rub\u00e9n Moreira, rechaz\u00f3 las acusaciones y dijo que las declaraciones de \u00c1lvarez M\u00e1ynez son producto del enojo, pues MC quer\u00eda tres comisiones, pero su n\u00famero de diputados le alcanzaba s\u00f3lo para dos.<\/p>\n\n\n\n<p>Fuente: Milenio<\/p>\n","protected":false},"excerpt":{"rendered":"<p>La Junta de Coordinaci\u00f3n Pol\u00edtica de la C\u00e1mara de Diputados aprob\u00f3 la ampliaci\u00f3n de 46 a 51 comisiones ordinarias para la 65 Legislatura en el Palacio de San L\u00e1zaro, de las cuales Morena presidir\u00e1 20; el PAN, 12; el PRI, siete; el PVEM, cuatro; el PT, cuatro; Movimiento Ciudadano, dos, y PRD, dos. La bancada [&hellip;]<\/p>\n","protected":false},"author":35,"featured_media":7244,"comment_status":"open","ping_status":"open","sticky":false,"template":"","format":"standard","meta":{"_monsterinsights_skip_tracking":false,"_monsterinsights_sitenote_active":false,"_monsterinsights_sitenote_note":"","_monsterinsights_sitenote_category":0,"footnotes":""},"categories":[158],"tags":[1555,6190],"class_list":["post-25385","post","type-post","status-publish","format-standard","has-post-thumbnail","hentry","category-politica","tag-camara-de-diputados","tag-comisiones","wp-image-borders"],"amp_enabled":true,"_links":{"self":[{"href":"https:\/\/nvnoticias.mx\/index.php\/wp-json\/wp\/v2\/posts\/25385","targetHints":{"allow":["GET"]}}],"collection":[{"href":"https:\/\/nvnoticias.mx\/index.php\/wp-json\/wp\/v2\/posts"}],"about":[{"href":"https:\/\/nvnoticias.mx\/index.php\/wp-json\/wp\/v2\/types\/post"}],"author":[{"embeddable":true,"href":"https:\/\/nvnoticias.mx\/index.php\/wp-json\/wp\/v2\/users\/35"}],"replies":[{"embeddable":true,"href":"https:\/\/nvnoticias.mx\/index.php\/wp-json\/wp\/v2\/comments?post=25385"}],"version-history":[{"count":2,"href":"https:\/\/nvnoticias.mx\/index.php\/wp-json\/wp\/v2\/posts\/25385\/revisions"}],"predecessor-version":[{"id":25387,"href":"https:\/\/nvnoticias.mx\/index.php\/wp-json\/wp\/v2\/posts\/25385\/revisions\/25387"}],"wp:featuredmedia":[{"embeddable":true,"href":"https:\/\/nvnoticias.mx\/index.php\/wp-json\/wp\/v2\/media\/7244"}],"wp:attachment":[{"href":"https:\/\/nvnoticias.mx\/index.php\/wp-json\/wp\/v2\/media?parent=25385"}],"wp:term":[{"taxonomy":"category","embeddable":true,"href":"https:\/\/nvnoticias.mx\/index.php\/wp-json\/wp\/v2\/categories?post=25385"},{"taxonomy":"post_tag","embeddable":true,"href":"https:\/\/nvnoticias.mx\/index.php\/wp-json\/wp\/v2\/tags?post=25385"}],"curies":[{"name":"wp","href":"https:\/\/api.w.org\/{rel}","templated":true}]}}