{"id":25382,"date":"2021-09-23T08:25:46","date_gmt":"2021-09-23T13:25:46","guid":{"rendered":"https:\/\/nvnoticias.mx\/?p=25382"},"modified":"2021-09-23T08:25:47","modified_gmt":"2021-09-23T13:25:47","slug":"descarta-amlo-confrontacion-con-eu-por-cuba","status":"publish","type":"post","link":"https:\/\/nvnoticias.mx\/index.php\/2021\/09\/23\/descarta-amlo-confrontacion-con-eu-por-cuba\/","title":{"rendered":"Descarta AMLO confrontaci\u00f3n con EU por Cuba"},"content":{"rendered":"\n<p>Luego de su llamado al gobierno de Estados Unidos para retirar el bloqueo econ\u00f3mico hacia Cuba, el Presidente descart\u00f3 que se vean afectadas las relaciones con ese pa\u00eds, pues\u00a0\u201cM\u00e9xico es sin\u00f3nimo de amistad\u201d. <\/p>\n\n\n\n<p>Incluso, se\u00f1al\u00f3 que por la Independencia nacional, se han recibido\u00a0un gran n\u00famero de felicitaciones de pa\u00edses, luchadores sociales y dem\u00e1s personalidades.<\/p>\n\n\n\n<blockquote class=\"wp-block-quote is-layout-flow wp-block-quote-is-layout-flow\"><p>\u201cNosotros tenemos muy buenas relaciones con todos los pa\u00edses, con todos los pueblos del mundo, son relaciones de respeto y se va a mantener esa pol\u00edtica. M\u00e9xico es sin\u00f3nimo de amistad, no vamos nosotros a confrontarnos con ning\u00fan gobierno\u201d, coment\u00f3.<\/p><\/blockquote>\n\n\n\n<p>Fuente: Milenio<\/p>\n","protected":false},"excerpt":{"rendered":"<p>Luego de su llamado al gobierno de Estados Unidos para retirar el bloqueo econ\u00f3mico hacia Cuba, el Presidente descart\u00f3 que se vean afectadas las relaciones con ese pa\u00eds, pues\u00a0\u201cM\u00e9xico es sin\u00f3nimo de amistad\u201d. Incluso, se\u00f1al\u00f3 que por la Independencia nacional, se han recibido\u00a0un gran n\u00famero de felicitaciones de pa\u00edses, luchadores sociales y dem\u00e1s personalidades. \u201cNosotros [&hellip;]<\/p>\n","protected":false},"author":35,"featured_media":23055,"comment_status":"open","ping_status":"open","sticky":false,"template":"","format":"standard","meta":{"_monsterinsights_skip_tracking":false,"_monsterinsights_sitenote_active":false,"_monsterinsights_sitenote_note":"","_monsterinsights_sitenote_category":0,"footnotes":""},"categories":[158],"tags":[188,2501,183,162],"class_list":["post-25382","post","type-post","status-publish","format-standard","has-post-thumbnail","hentry","category-politica","tag-amlo","tag-cuba","tag-estados-unidos","tag-portada","wp-image-borders"],"amp_enabled":true,"_links":{"self":[{"href":"https:\/\/nvnoticias.mx\/index.php\/wp-json\/wp\/v2\/posts\/25382","targetHints":{"allow":["GET"]}}],"collection":[{"href":"https:\/\/nvnoticias.mx\/index.php\/wp-json\/wp\/v2\/posts"}],"about":[{"href":"https:\/\/nvnoticias.mx\/index.php\/wp-json\/wp\/v2\/types\/post"}],"author":[{"embeddable":true,"href":"https:\/\/nvnoticias.mx\/index.php\/wp-json\/wp\/v2\/users\/35"}],"replies":[{"embeddable":true,"href":"https:\/\/nvnoticias.mx\/index.php\/wp-json\/wp\/v2\/comments?post=25382"}],"version-history":[{"count":2,"href":"https:\/\/nvnoticias.mx\/index.php\/wp-json\/wp\/v2\/posts\/25382\/revisions"}],"predecessor-version":[{"id":25384,"href":"https:\/\/nvnoticias.mx\/index.php\/wp-json\/wp\/v2\/posts\/25382\/revisions\/25384"}],"wp:featuredmedia":[{"embeddable":true,"href":"https:\/\/nvnoticias.mx\/index.php\/wp-json\/wp\/v2\/media\/23055"}],"wp:attachment":[{"href":"https:\/\/nvnoticias.mx\/index.php\/wp-json\/wp\/v2\/media?parent=25382"}],"wp:term":[{"taxonomy":"category","embeddable":true,"href":"https:\/\/nvnoticias.mx\/index.php\/wp-json\/wp\/v2\/categories?post=25382"},{"taxonomy":"post_tag","embeddable":true,"href":"https:\/\/nvnoticias.mx\/index.php\/wp-json\/wp\/v2\/tags?post=25382"}],"curies":[{"name":"wp","href":"https:\/\/api.w.org\/{rel}","templated":true}]}}