{"id":25227,"date":"2021-09-21T15:54:33","date_gmt":"2021-09-21T20:54:33","guid":{"rendered":"https:\/\/nvnoticias.mx\/?p=25227"},"modified":"2021-09-21T15:57:47","modified_gmt":"2021-09-21T20:57:47","slug":"orfis-realiza-taller-de-capacitacion-regional-para-autoridades-municipales-electas","status":"publish","type":"post","link":"https:\/\/nvnoticias.mx\/index.php\/2021\/09\/21\/orfis-realiza-taller-de-capacitacion-regional-para-autoridades-municipales-electas\/","title":{"rendered":"ORFIS realiza taller de Capacitaci\u00f3n Regional para Autoridades Municipales Electas"},"content":{"rendered":"\n<p><strong>Jes\u00fas Utrilla | NV Noticias<\/strong><\/p>\n\n\n\n<p>El \u00d3rgano de Fiscalizaci\u00f3n Superior llev\u00f3 a cabo el taller de Capacitaci\u00f3n Regional para Autoridades Municipales Electa.<\/p>\n\n\n\n<p>La presidenta municipal electa de Veracruz, Patricia Lobeira Rodr\u00edguez habl\u00f3 de la importancia\u00a0del orden, la eficiencia y la disciplina en el ejercicio de la acci\u00f3n de gobierno.<\/p>\n\n\n\n<p>Asegur\u00f3 que ser\u00e1n aspectos que mantendr\u00e1 en el proceso de entrega-recepci\u00f3n y posteriormente en su administraci\u00f3n.<\/p>\n\n\n\n<p>Dijo que esta capacitaci\u00f3n regional es una oportunidad para crear relaciones y v\u00ednculos institucionales con todos los \u00f3rganos y dependencias con los que va a interactuar de manera permanente desde el Gobierno Municipal.<\/p>\n\n\n\n<blockquote class=\"wp-block-quote is-layout-flow wp-block-quote-is-layout-flow\"><p>\u201cYo creo en el orden, la eficiencia y la disciplina en el ejercicio de la acci\u00f3n de gobierno; el proceso de entrega-recepci\u00f3n, y posteriormente mi administraci\u00f3n, ser\u00e1n reflejo de ello\u201d.<\/p><\/blockquote>\n\n\n\n<p>La capacitaci\u00f3n fue sobre la entrega-recepci\u00f3n, fiscalizaci\u00f3n, planeaci\u00f3n, presupuestaci\u00f3n y gesti\u00f3n para el desarrollo municipal en el marco de la Agenda 2030 y fue impartido este d\u00eda martes en el Congreso del Estado.<\/p>\n\n\n\n<p>La realiz\u00f3 el ORFIS de manera coordinada con el H. Congreso del Estado de Veracruz e instituciones del Gobierno Estatal.<\/p>\n\n\n\n<p>El objetivo fue que las alcaldesas y alcaldes electos tengan el conocimiento y cuenten con las herramientas que les permitan una adecuada entrega-recepci\u00f3n y un buen desempe\u00f1o en su gesti\u00f3n municipal.<\/p>\n","protected":false},"excerpt":{"rendered":"<p>Jes\u00fas Utrilla | NV Noticias El \u00d3rgano de Fiscalizaci\u00f3n Superior llev\u00f3 a cabo el taller de Capacitaci\u00f3n Regional para Autoridades Municipales Electa. La presidenta municipal electa de Veracruz, Patricia Lobeira Rodr\u00edguez habl\u00f3 de la importancia\u00a0del orden, la eficiencia y la disciplina en el ejercicio de la acci\u00f3n de gobierno. Asegur\u00f3 que ser\u00e1n aspectos que mantendr\u00e1 [&hellip;]<\/p>\n","protected":false},"author":7,"featured_media":25228,"comment_status":"open","ping_status":"open","sticky":false,"template":"","format":"standard","meta":{"_monsterinsights_skip_tracking":false,"_monsterinsights_sitenote_active":false,"_monsterinsights_sitenote_note":"","_monsterinsights_sitenote_category":0,"footnotes":""},"categories":[154],"tags":[833,1515,3867],"class_list":["post-25227","post","type-post","status-publish","format-standard","has-post-thumbnail","hentry","category-veracruz","tag-orfis","tag-organo-de-fiscalizacion-superior-del-estado","tag-patricia-lobeira","wp-image-borders"],"amp_enabled":true,"_links":{"self":[{"href":"https:\/\/nvnoticias.mx\/index.php\/wp-json\/wp\/v2\/posts\/25227","targetHints":{"allow":["GET"]}}],"collection":[{"href":"https:\/\/nvnoticias.mx\/index.php\/wp-json\/wp\/v2\/posts"}],"about":[{"href":"https:\/\/nvnoticias.mx\/index.php\/wp-json\/wp\/v2\/types\/post"}],"author":[{"embeddable":true,"href":"https:\/\/nvnoticias.mx\/index.php\/wp-json\/wp\/v2\/users\/7"}],"replies":[{"embeddable":true,"href":"https:\/\/nvnoticias.mx\/index.php\/wp-json\/wp\/v2\/comments?post=25227"}],"version-history":[{"count":2,"href":"https:\/\/nvnoticias.mx\/index.php\/wp-json\/wp\/v2\/posts\/25227\/revisions"}],"predecessor-version":[{"id":25230,"href":"https:\/\/nvnoticias.mx\/index.php\/wp-json\/wp\/v2\/posts\/25227\/revisions\/25230"}],"wp:featuredmedia":[{"embeddable":true,"href":"https:\/\/nvnoticias.mx\/index.php\/wp-json\/wp\/v2\/media\/25228"}],"wp:attachment":[{"href":"https:\/\/nvnoticias.mx\/index.php\/wp-json\/wp\/v2\/media?parent=25227"}],"wp:term":[{"taxonomy":"category","embeddable":true,"href":"https:\/\/nvnoticias.mx\/index.php\/wp-json\/wp\/v2\/categories?post=25227"},{"taxonomy":"post_tag","embeddable":true,"href":"https:\/\/nvnoticias.mx\/index.php\/wp-json\/wp\/v2\/tags?post=25227"}],"curies":[{"name":"wp","href":"https:\/\/api.w.org\/{rel}","templated":true}]}}