{"id":25211,"date":"2021-09-21T14:01:35","date_gmt":"2021-09-21T19:01:35","guid":{"rendered":"https:\/\/nvnoticias.mx\/?p=25211"},"modified":"2021-09-21T14:01:36","modified_gmt":"2021-09-21T19:01:36","slug":"irreversible","status":"publish","type":"post","link":"https:\/\/nvnoticias.mx\/index.php\/2021\/09\/21\/irreversible\/","title":{"rendered":"Irreversible&#8230;"},"content":{"rendered":"\n<p class=\"has-text-align-right\"><strong>Por: M\u00f3nica Mendoza Madrigal<\/strong><\/p>\n\n\n\n<p>El camino ha sido largo y el avance lento pero firme. Nada gratis, nada regalado, ninguna concesi\u00f3n otorgada. A cada triunfo siempre ha sobrevenido una factura por pagar. Y es que la afrenta \u2013 dicen\u2013 es enorme: cuestionadoras del mandato patriarcal, nuestra osad\u00eda por arribar al poder ha sido recibida con un regateo a grado m\u00e1ximo. Tanto, que los se\u00f1ores del Senado que votaron por la paridad en todo, impugnaron la paridad en todo.<\/p>\n\n\n\n<p>Es que les gustan las letras chiquitas, los derechos a medias, los significados escondidos y creyeron que el logro hist\u00f3rico era la foto de la votaci\u00f3n del pleno, pero no el ejercicio efectivo de esa modificaci\u00f3n legal.<\/p>\n\n\n\n<p>S\u00ed, queremos todo. El cambio hubo que empujarlo con cuotas como un mecanismo dise\u00f1ado para ir llegando de a poquito. Pero como la definici\u00f3n de las acciones afirmativas lo se\u00f1ala, \u00e9sas son medidas temporales. La paridad no lo es. Lleg\u00f3 para quedarse. Pero no se hagan bolas, no es que nos conformemos con eso. Este es apenas el trampol\u00edn del salto. La paridad es un piso, no un techo y de lo que se trata es que sea parejo.<\/p>\n\n\n\n<p>Hoy pues, empujamos para hacer efectiva la paridad. Por eso estamos tan afanosamente se\u00f1alando cada gabinete que no se integra con un principio que ya es ley. Cada Congreso que no se apega a ello, cada gobierno impostor que se pone mo\u00f1ito naranja pero que diezma la representaci\u00f3n y el poder de las mujeres que lo integran.<\/p>\n\n\n\n<p>Estamos tambi\u00e9n con especial inter\u00e9s analizando sus acciones p\u00fablicas, viendo si cumplen con el combate efectivo a las violencias o solo las utilizan como parte de una ret\u00f3rica desgastada; revisando si sus pol\u00edticas p\u00fablicas tienen o no perspectiva de g\u00e9nero; esperando la nueva propuesta de presupuesto para ver si este a\u00f1o tambi\u00e9n desposeer\u00e1n a las mujeres del dinero que har\u00e1 que las promesas se traduzcan en acciones, o si se quedar\u00e1n solo ah\u00ed, como palabras al viento.<\/p>\n\n\n\n<p>No nos cansamos, sino todo lo contrario. Cada d\u00eda el gran movimiento feminista mexicano se articula m\u00e1s, se organiza mejor, se fortalece en acciones conjuntas que abonan a la misma causa: la de la defensa de los derechos de las mujeres que exige progresividad sin demoras.<\/p>\n\n\n\n<p>Por d\u00e9cadas impulsamos el derecho a decidir sobre nuestros cuerpos porque ese es uno de los tres pilares de la lucha feminista que comienza, claro, por la libre determinaci\u00f3n de nuestros cuerpos. Hoy \u2013con todo y el clero ejerciendo su presi\u00f3n medi\u00e1tica, espiritual y pol\u00edtica-, el proceso de despenalizaci\u00f3n del aborto se ha logrado hacer realidad en cuatro entidades y ser\u00e1 indiscutiblemente aprobado en todo el pa\u00eds, porque forma parte de la agenda de derechos que m\u00e1s temprano que tarde alcanzaremos en cada rinc\u00f3n, en un compromiso impostergable.<\/p>\n\n\n\n<p>El error de algunos que siguen creyendo que derechos como \u00e9ste son partidizables simplemente los aleja m\u00e1s del sentir real de una poblaci\u00f3n latente, que es tambi\u00e9n una ciudadan\u00eda activa.<\/p>\n\n\n\n<p>Sabemos que estas acciones no destierran la misoginia, pero sin duda alguna son un aliento que trae esperanza de que pronto, muy pronto, ninguna mujer deba morir en el parto por un aborto clandestino, ni ser madre cuando todav\u00eda es ni\u00f1a, o deba cumplir con un rol que no est\u00e1 en su plan de vida.<\/p>\n\n\n\n<p>Nos falta el combate efectivo a la violencia. Y como nos siguen matando, nosotras nos seguimos buscando, nos seguimos acompa\u00f1ando, nos seguimos preparando para hacerle frente a una problem\u00e1tica social que a los gobiernos se les ha salido de las manos.<\/p>\n\n\n\n<p>Por esto y por toda una agenda que no estamos viendo que sea atendida con la celeridad que amerita, es que nos hemos rearticulado.<\/p>\n\n\n\n<p>El movimiento feminista mexicano tom\u00f3 conciencia de s\u00ed por primera vez cuando se reuni\u00f3 en el Teatro \u201cPe\u00f3n Contreras\u201d de M\u00e9rida, Yucat\u00e1n para celebrar su Primer Congreso en 1916. Ha pasado m\u00e1s de un siglo desde entonces y hoy decidimos volver a ese emblem\u00e1tico lugar para decirle a todo M\u00e9xico que estamos listas.<\/p>\n\n\n\n<p>En M\u00e9rida nos escuchamos, marcamos la ruta y signamos un acuerdo. \u00c9se por el que nos hemos comprometido a hacer la diferencia, para no dar un paso atr\u00e1s, para entender que \u201c\u00a1si las mujeres no est\u00e1n, la democracia no va!\u201d.<\/p>\n\n\n\n<p>Con nuestra firma signamos el manifiesto que establece la urgencia de politizar la agenda de las mujeres, demandando el compromiso de los acuerdos y responsabilidades de los partidos pol\u00edticos frente a los derechos de las mujeres para hacer valer la paridad total en todos los niveles y \u00f3rganos de gobierno, exigiendo que ning\u00fan agresor nunca m\u00e1s llegue al poder.<\/p>\n\n\n\n<p>Pero adem\u00e1s, requiriendo que se destinen presupuestos dignos y justos, al tiempo que tambi\u00e9n le solicitamos al Estado mexicano haga valer la laicidad que la Constituci\u00f3n establece, exigiendo que se impulse una agenda que desfeminice los cuidados y que valide el nuevo pacto social que corresponde a la realidad de vida que hoy es necesario garantizar.<\/p>\n\n\n\n<p>En la vindicaci\u00f3n plena de nuestra ciudadan\u00eda pol\u00edtica, la exigencia de respeto hacia nuestros derechos es el compromiso que motiva nuestra acci\u00f3n y en ese sentido, nuestra presencia p\u00fablica en las calles, en las redes y en la vida de la naci\u00f3n es irreversible y lo que viene a continuaci\u00f3n, es la continuaci\u00f3n de este proceso que no tiene marcha atr\u00e1s.<\/p>\n\n\n\n<p>Honrando la memoria de Hermila Galindo, de Elvia Carrillo Puerto y de tantas otras mujeres que construyeron los cimientos de esta realidad, hoy las mujeres estamos haciendo el m\u00e1s revolucionario de todos los actos: estar juntas y articuladas. \u00a1Ya llegamos y no nos vamos!<\/p>\n","protected":false},"excerpt":{"rendered":"<p>Por: M\u00f3nica Mendoza Madrigal El camino ha sido largo y el avance lento pero firme. Nada gratis, nada regalado, ninguna concesi\u00f3n otorgada. A cada triunfo siempre ha sobrevenido una factura por pagar. Y es que la afrenta \u2013 dicen\u2013 es enorme: cuestionadoras del mandato patriarcal, nuestra osad\u00eda por arribar al poder ha sido recibida con [&hellip;]<\/p>\n","protected":false},"author":34,"featured_media":25212,"comment_status":"open","ping_status":"open","sticky":false,"template":"","format":"standard","meta":{"_monsterinsights_skip_tracking":false,"_monsterinsights_sitenote_active":false,"_monsterinsights_sitenote_note":"","_monsterinsights_sitenote_category":0,"footnotes":""},"categories":[1031],"tags":[1033],"class_list":["post-25211","post","type-post","status-publish","format-standard","has-post-thumbnail","hentry","category-laagendadelasmujeres","tag-monica-mendoza-madrigal","wp-image-borders"],"amp_enabled":true,"_links":{"self":[{"href":"https:\/\/nvnoticias.mx\/index.php\/wp-json\/wp\/v2\/posts\/25211","targetHints":{"allow":["GET"]}}],"collection":[{"href":"https:\/\/nvnoticias.mx\/index.php\/wp-json\/wp\/v2\/posts"}],"about":[{"href":"https:\/\/nvnoticias.mx\/index.php\/wp-json\/wp\/v2\/types\/post"}],"author":[{"embeddable":true,"href":"https:\/\/nvnoticias.mx\/index.php\/wp-json\/wp\/v2\/users\/34"}],"replies":[{"embeddable":true,"href":"https:\/\/nvnoticias.mx\/index.php\/wp-json\/wp\/v2\/comments?post=25211"}],"version-history":[{"count":1,"href":"https:\/\/nvnoticias.mx\/index.php\/wp-json\/wp\/v2\/posts\/25211\/revisions"}],"predecessor-version":[{"id":25213,"href":"https:\/\/nvnoticias.mx\/index.php\/wp-json\/wp\/v2\/posts\/25211\/revisions\/25213"}],"wp:featuredmedia":[{"embeddable":true,"href":"https:\/\/nvnoticias.mx\/index.php\/wp-json\/wp\/v2\/media\/25212"}],"wp:attachment":[{"href":"https:\/\/nvnoticias.mx\/index.php\/wp-json\/wp\/v2\/media?parent=25211"}],"wp:term":[{"taxonomy":"category","embeddable":true,"href":"https:\/\/nvnoticias.mx\/index.php\/wp-json\/wp\/v2\/categories?post=25211"},{"taxonomy":"post_tag","embeddable":true,"href":"https:\/\/nvnoticias.mx\/index.php\/wp-json\/wp\/v2\/tags?post=25211"}],"curies":[{"name":"wp","href":"https:\/\/api.w.org\/{rel}","templated":true}]}}