{"id":25177,"date":"2021-09-21T11:45:38","date_gmt":"2021-09-21T16:45:38","guid":{"rendered":"https:\/\/nvnoticias.mx\/?p=25177"},"modified":"2021-09-21T11:50:50","modified_gmt":"2021-09-21T16:50:50","slug":"en-desarrollo-fase-3-de-las-obras-del-mercado-malibran","status":"publish","type":"post","link":"https:\/\/nvnoticias.mx\/index.php\/2021\/09\/21\/en-desarrollo-fase-3-de-las-obras-del-mercado-malibran\/","title":{"rendered":"En desarrollo fase 3 de las obras del Mercado Malibr\u00e1n"},"content":{"rendered":"\n<p><strong>Jes\u00fas&nbsp;Utrilla |&nbsp;NV Noticias<\/strong>&nbsp;<\/p>\n\n\n\n<p>Veracruz. \u2013&nbsp; Contin\u00faan las obras del Mercado Malibr\u00e1n para colocar drenaje en&nbsp;la secci\u00f3n conocida&nbsp;como &#8220;UGOCEP&#8221; y una calle de concreto hidr\u00e1ulico entre la zona de menudeo y bodegas, as\u00ed como dos&nbsp;tragatormentas.&nbsp;<\/p>\n\n\n\n<p>Antonio Castro Ortiz, presidente de la Uni\u00f3n de Comerciantes &#8220;Emiliano Zapata&#8221;, se\u00f1al\u00f3 que se trata de la fase 3 de las obras en las que el ayuntamiento porte\u00f1o invierte cerca de 6 millones de pesos.&nbsp;<\/p>\n\n\n\n<p>Se contempla tambi\u00e9n un canal completo desde la zona de menudeo hasta el Paseo Floresta Oriente.&nbsp;<\/p>\n\n\n\n<blockquote class=\"wp-block-quote is-layout-flow wp-block-quote-is-layout-flow\"><p>&#8220;Es un ramal que va de esta zona de menudeo hasta donde est\u00e1 la fase 2, para conectar la red. Y ya para terminar ah\u00ed, esperamos\u00a0que\u00a0de tiempo, est\u00e1n contemplados dos\u00a0tragatormentas\u00a0entre la manzana 1 y la 2, y entre la 2 y la 3. Si llegamos a concluir todas esas obras, nosotros nos vamos a dar por bien servidos\u201d.\u00a0<\/p><\/blockquote>\n\n\n\n<p>Admiti\u00f3 que anteriormente los locatarios se encontraban divididos por lo cual no pod\u00edan gestionar acciones con el municipio, sin embargo, a trav\u00e9s de la unidad lograron acercarse con las autoridades para que se le de mantenimiento lugar.&nbsp;<\/p>\n\n\n\n<p>Los trabajos beneficiaran a mil 500 locatarios y m\u00e1s de 300 mil personas que acuden al&nbsp;<br>mercado d\u00eda tras d\u00eda.&nbsp;<\/p>\n\n\n\n<blockquote class=\"wp-block-quote is-layout-flow wp-block-quote-is-layout-flow\"><p>\u201cTodav\u00eda falta otra fase, pero ya llevar\u00edamos avanzado un 75 por ciento, ya nos quedar\u00eda una fase para la otra administraci\u00f3n, para que le\u00a0de\u00a0seguimiento\u201d.\u00a0<\/p><\/blockquote>\n\n\n\n<p>Conf\u00edo en que los trabajos concluyan en tiempo y forma durante la actual administraci\u00f3n para que la siguiente etiquete recursos para acciones complementarias.&nbsp;<\/p>\n","protected":false},"excerpt":{"rendered":"<p>Jes\u00fas&nbsp;Utrilla |&nbsp;NV Noticias&nbsp; Veracruz. \u2013&nbsp; Contin\u00faan las obras del Mercado Malibr\u00e1n para colocar drenaje en&nbsp;la secci\u00f3n conocida&nbsp;como &#8220;UGOCEP&#8221; y una calle de concreto hidr\u00e1ulico entre la zona de menudeo y bodegas, as\u00ed como dos&nbsp;tragatormentas.&nbsp; Antonio Castro Ortiz, presidente de la Uni\u00f3n de Comerciantes &#8220;Emiliano Zapata&#8221;, se\u00f1al\u00f3 que se trata de la fase 3 de las [&hellip;]<\/p>\n","protected":false},"author":6,"featured_media":25179,"comment_status":"open","ping_status":"open","sticky":false,"template":"","format":"standard","meta":{"_monsterinsights_skip_tracking":false,"_monsterinsights_sitenote_active":false,"_monsterinsights_sitenote_note":"","_monsterinsights_sitenote_category":0,"footnotes":""},"categories":[154],"tags":[5507,334],"class_list":["post-25177","post","type-post","status-publish","format-standard","has-post-thumbnail","hentry","category-veracruz","tag-mercado-malibran","tag-obras","wp-image-borders"],"amp_enabled":true,"_links":{"self":[{"href":"https:\/\/nvnoticias.mx\/index.php\/wp-json\/wp\/v2\/posts\/25177","targetHints":{"allow":["GET"]}}],"collection":[{"href":"https:\/\/nvnoticias.mx\/index.php\/wp-json\/wp\/v2\/posts"}],"about":[{"href":"https:\/\/nvnoticias.mx\/index.php\/wp-json\/wp\/v2\/types\/post"}],"author":[{"embeddable":true,"href":"https:\/\/nvnoticias.mx\/index.php\/wp-json\/wp\/v2\/users\/6"}],"replies":[{"embeddable":true,"href":"https:\/\/nvnoticias.mx\/index.php\/wp-json\/wp\/v2\/comments?post=25177"}],"version-history":[{"count":1,"href":"https:\/\/nvnoticias.mx\/index.php\/wp-json\/wp\/v2\/posts\/25177\/revisions"}],"predecessor-version":[{"id":25178,"href":"https:\/\/nvnoticias.mx\/index.php\/wp-json\/wp\/v2\/posts\/25177\/revisions\/25178"}],"wp:featuredmedia":[{"embeddable":true,"href":"https:\/\/nvnoticias.mx\/index.php\/wp-json\/wp\/v2\/media\/25179"}],"wp:attachment":[{"href":"https:\/\/nvnoticias.mx\/index.php\/wp-json\/wp\/v2\/media?parent=25177"}],"wp:term":[{"taxonomy":"category","embeddable":true,"href":"https:\/\/nvnoticias.mx\/index.php\/wp-json\/wp\/v2\/categories?post=25177"},{"taxonomy":"post_tag","embeddable":true,"href":"https:\/\/nvnoticias.mx\/index.php\/wp-json\/wp\/v2\/tags?post=25177"}],"curies":[{"name":"wp","href":"https:\/\/api.w.org\/{rel}","templated":true}]}}