{"id":25008,"date":"2021-09-18T12:46:24","date_gmt":"2021-09-18T17:46:24","guid":{"rendered":"https:\/\/nvnoticias.mx\/?p=25008"},"modified":"2021-09-18T12:46:25","modified_gmt":"2021-09-18T17:46:25","slug":"a-partir-del-septimo-dia-el-covid-suele-ser-mas-peligroso","status":"publish","type":"post","link":"https:\/\/nvnoticias.mx\/index.php\/2021\/09\/18\/a-partir-del-septimo-dia-el-covid-suele-ser-mas-peligroso\/","title":{"rendered":"A partir del s\u00e9ptimo d\u00eda el COVID suele ser m\u00e1s peligroso"},"content":{"rendered":"\n<p><strong>Jes\u00fas Utrilla | NV Noticias<\/strong><div><br>A partir del s\u00e9ptimo d\u00eda el COVID suele ser m\u00e1s peligroso, por ello los pacientes necesitan cuidar su alimentaci\u00f3n reduciendo el consumo de az\u00facar.<div><br>Roberto Carlos Mu\u00f1oz Joach\u00edn, Jefe de Nutrici\u00f3n del Hospital General de Veracruz, dijo que adem\u00e1s es importante mantener una buena hidrataci\u00f3n y controlar el peso.<\/div><\/div><\/p>\n\n\n\n<p><div>Explic\u00f3 que un paciente con la glucosa alta, por arriba de 110 o 120 mg\/dL si se enferma de Coronavirus bajara su oxigenaci\u00f3n.<\/div><\/p>\n\n\n\n<p><div><br>Por otra parte quien no come en sus horas tambi\u00e9n podr\u00eda agravarse, por ello insisti\u00f3 en que la alimentaci\u00f3n es clave para ni\u00f1os y adultos.<\/div><\/p>\n\n\n\n<p><div>\u201cSi nosotros comemos mucho dulce o grasa, en un promedio de dos horas nuestro sistema inmunol\u00f3gico baja y aunque estemos vacunados nos podemos enfermar de Covid\u201d.<\/div><\/p>\n\n\n\n<p><div>Recomend\u00f3 que si se tiene diarrea, como uno de los s\u00edntomas de COVID, se lleve una dieta blanda.<\/div><\/p>\n\n\n\n<p><div>Insisti\u00f3 en que a partir del d\u00eda 7 de la enfermedad se llegan a tener m\u00e1s s\u00edntomas y en el caso de los diab\u00e9ticos la recuperaci\u00f3n podr\u00eda ser m\u00e1s tardada que en el promedio de casos.<\/div><\/p>\n\n\n\n<p><div>\u201cSi la oxigenaci\u00f3n baja y el paciente no se recupera es donde se llega a intubar y ah\u00ed es donde se implementa una dieta por sonda. La gente se est\u00e1 preocupando m\u00e1s por su salud\u201d.<\/div><\/p>\n\n\n\n<p><div>Admiti\u00f3 que a ra\u00edz de la pandemia las personas obesas y\/o con diabetes se interesaron m\u00e1s por cuidar su salud y perder los kilitos dem\u00e1s, para reforzar su sistema inmunol\u00f3gico.<\/div><\/p>\n","protected":false},"excerpt":{"rendered":"<p>Jes\u00fas Utrilla | NV Noticias A partir del s\u00e9ptimo d\u00eda el COVID suele ser m\u00e1s peligroso, por ello los pacientes necesitan cuidar su alimentaci\u00f3n reduciendo el consumo de az\u00facar. Roberto Carlos Mu\u00f1oz Joach\u00edn, Jefe de Nutrici\u00f3n del Hospital General de Veracruz, dijo que adem\u00e1s es importante mantener una buena hidrataci\u00f3n y controlar el peso. Explic\u00f3 [&hellip;]<\/p>\n","protected":false},"author":6,"featured_media":22652,"comment_status":"open","ping_status":"open","sticky":false,"template":"","format":"standard","meta":{"_monsterinsights_skip_tracking":false,"_monsterinsights_sitenote_active":false,"_monsterinsights_sitenote_note":"","_monsterinsights_sitenote_category":0,"footnotes":""},"categories":[154],"tags":[175,162],"class_list":["post-25008","post","type-post","status-publish","format-standard","has-post-thumbnail","hentry","category-veracruz","tag-covid-19","tag-portada","wp-image-borders"],"amp_enabled":true,"_links":{"self":[{"href":"https:\/\/nvnoticias.mx\/index.php\/wp-json\/wp\/v2\/posts\/25008","targetHints":{"allow":["GET"]}}],"collection":[{"href":"https:\/\/nvnoticias.mx\/index.php\/wp-json\/wp\/v2\/posts"}],"about":[{"href":"https:\/\/nvnoticias.mx\/index.php\/wp-json\/wp\/v2\/types\/post"}],"author":[{"embeddable":true,"href":"https:\/\/nvnoticias.mx\/index.php\/wp-json\/wp\/v2\/users\/6"}],"replies":[{"embeddable":true,"href":"https:\/\/nvnoticias.mx\/index.php\/wp-json\/wp\/v2\/comments?post=25008"}],"version-history":[{"count":1,"href":"https:\/\/nvnoticias.mx\/index.php\/wp-json\/wp\/v2\/posts\/25008\/revisions"}],"predecessor-version":[{"id":25009,"href":"https:\/\/nvnoticias.mx\/index.php\/wp-json\/wp\/v2\/posts\/25008\/revisions\/25009"}],"wp:featuredmedia":[{"embeddable":true,"href":"https:\/\/nvnoticias.mx\/index.php\/wp-json\/wp\/v2\/media\/22652"}],"wp:attachment":[{"href":"https:\/\/nvnoticias.mx\/index.php\/wp-json\/wp\/v2\/media?parent=25008"}],"wp:term":[{"taxonomy":"category","embeddable":true,"href":"https:\/\/nvnoticias.mx\/index.php\/wp-json\/wp\/v2\/categories?post=25008"},{"taxonomy":"post_tag","embeddable":true,"href":"https:\/\/nvnoticias.mx\/index.php\/wp-json\/wp\/v2\/tags?post=25008"}],"curies":[{"name":"wp","href":"https:\/\/api.w.org\/{rel}","templated":true}]}}