{"id":24953,"date":"2021-09-17T13:18:23","date_gmt":"2021-09-17T18:18:23","guid":{"rendered":"https:\/\/nvnoticias.mx\/?p=24953"},"modified":"2021-09-17T13:18:25","modified_gmt":"2021-09-17T18:18:25","slug":"recuerdan-a-comerciantes-actualizar-sus-planes-de-proteccion-civil","status":"publish","type":"post","link":"https:\/\/nvnoticias.mx\/index.php\/2021\/09\/17\/recuerdan-a-comerciantes-actualizar-sus-planes-de-proteccion-civil\/","title":{"rendered":"Recuerdan a comerciantes actualizar sus planes de protecci\u00f3n civil"},"content":{"rendered":"\n<p><strong>J<span style=\"font-size: inherit;\">es\u00fas Utrilla<\/span> | NV Noticias <\/strong><\/p>\n\n\n\n<p><span style=\"font-size: inherit;\">Autoridades del Ayuntamiento de Veracruz\u00a0 llamaron a los comerciantes y empresarios a no descuidar sus protocolos de protecci\u00f3n civil por enfocarse en la parte sanitaria.<\/span><\/p>\n\n\n\n<p><span style=\"font-size: inherit;\">Ricardo G\u00f3mez Valdivia, regidor s\u00e9ptimo de Veracruz, mencion\u00f3 que no solo deben contar con filtros en las entradas sino con salidas de emergencia habilitadas. Adem\u00e1s no s\u00f3lo el tapete sanitizante debe contener l\u00edquido desinfectante sino que los extintores deben tener la carga correspondiente, misma que debe efectuarse cada a\u00f1o.<\/span><\/p>\n\n\n\n<p><span style=\"font-size: inherit;\">Admiti\u00f3 que muchos propietarios de negocios se enfocaron al tema sanitario y descuidaron la parte de la seguridad interna. Por ello llam\u00f3 a analizar los esquemas se tienen en el negocio.<\/span><\/p>\n\n\n\n<blockquote class=\"wp-block-quote is-layout-flow wp-block-quote-is-layout-flow\"><p><span style=\"font-size: inherit;\">\u201cPor norma el extintor tiene una caducidad de un a\u00f1o, s\u00ed sirve pero por norma debe recargarse. Los invitamos a que lo hagan. Que tengan sus trampas de grasa en buen estado y que hagan las revisiones de las instalaciones el\u00e9ctricas que luego los cortoscircuitos se llevan todo un negocio completo\u201d. Record\u00f3 que en \u00faltimas fechas los cuerpos de auxilio atendieron fugas de gas, incendios, cortocircuitos y otros incidentes, por lo que insisti\u00f3 en que es indispensable no descuidar dichos aspectos.<\/span><\/p><\/blockquote>\n\n\n\n<p><span style=\"font-size: inherit;\">Dijo que adem\u00e1s de los extintores deben realizarse las instalaciones el\u00e9ctricas, los tanques de gas, salidas de emergencia, entre otros.<\/span><div class=\"mail-message-footer spacer collapsible\" style=\"height: 0px;\"><\/p>\n","protected":false},"excerpt":{"rendered":"<p>Jes\u00fas Utrilla | NV Noticias Autoridades del Ayuntamiento de Veracruz\u00a0 llamaron a los comerciantes y empresarios a no descuidar sus protocolos de protecci\u00f3n civil por enfocarse en la parte sanitaria. Ricardo G\u00f3mez Valdivia, regidor s\u00e9ptimo de Veracruz, mencion\u00f3 que no solo deben contar con filtros en las entradas sino con salidas de emergencia habilitadas. Adem\u00e1s [&hellip;]<\/p>\n","protected":false},"author":35,"featured_media":1806,"comment_status":"open","ping_status":"open","sticky":false,"template":"","format":"standard","meta":{"_monsterinsights_skip_tracking":false,"_monsterinsights_sitenote_active":false,"_monsterinsights_sitenote_note":"","_monsterinsights_sitenote_category":0,"footnotes":""},"categories":[154],"tags":[564,2257],"class_list":["post-24953","post","type-post","status-publish","format-standard","has-post-thumbnail","hentry","category-veracruz","tag-comerciantes","tag-proteccion-civil","wp-image-borders"],"amp_enabled":true,"_links":{"self":[{"href":"https:\/\/nvnoticias.mx\/index.php\/wp-json\/wp\/v2\/posts\/24953","targetHints":{"allow":["GET"]}}],"collection":[{"href":"https:\/\/nvnoticias.mx\/index.php\/wp-json\/wp\/v2\/posts"}],"about":[{"href":"https:\/\/nvnoticias.mx\/index.php\/wp-json\/wp\/v2\/types\/post"}],"author":[{"embeddable":true,"href":"https:\/\/nvnoticias.mx\/index.php\/wp-json\/wp\/v2\/users\/35"}],"replies":[{"embeddable":true,"href":"https:\/\/nvnoticias.mx\/index.php\/wp-json\/wp\/v2\/comments?post=24953"}],"version-history":[{"count":2,"href":"https:\/\/nvnoticias.mx\/index.php\/wp-json\/wp\/v2\/posts\/24953\/revisions"}],"predecessor-version":[{"id":24955,"href":"https:\/\/nvnoticias.mx\/index.php\/wp-json\/wp\/v2\/posts\/24953\/revisions\/24955"}],"wp:featuredmedia":[{"embeddable":true,"href":"https:\/\/nvnoticias.mx\/index.php\/wp-json\/wp\/v2\/media\/1806"}],"wp:attachment":[{"href":"https:\/\/nvnoticias.mx\/index.php\/wp-json\/wp\/v2\/media?parent=24953"}],"wp:term":[{"taxonomy":"category","embeddable":true,"href":"https:\/\/nvnoticias.mx\/index.php\/wp-json\/wp\/v2\/categories?post=24953"},{"taxonomy":"post_tag","embeddable":true,"href":"https:\/\/nvnoticias.mx\/index.php\/wp-json\/wp\/v2\/tags?post=24953"}],"curies":[{"name":"wp","href":"https:\/\/api.w.org\/{rel}","templated":true}]}}