{"id":24890,"date":"2021-09-17T10:32:43","date_gmt":"2021-09-17T15:32:43","guid":{"rendered":"https:\/\/nvnoticias.mx\/?p=24890"},"modified":"2021-09-17T10:32:44","modified_gmt":"2021-09-17T15:32:44","slug":"en-alerta-zacatecas-por-desbordamiento-de-presa","status":"publish","type":"post","link":"https:\/\/nvnoticias.mx\/index.php\/2021\/09\/17\/en-alerta-zacatecas-por-desbordamiento-de-presa\/","title":{"rendered":"En alerta Zacatecas por desbordamiento de presa"},"content":{"rendered":"\n<p>La noche de este jueves se emiti\u00f3 una alerta por el desbordamiento de una presa en Zacatecas. <\/p>\n\n\n\n<p>David Monreal, gobernador, lo inform\u00f3 as\u00ed en su cuenta de Twitter:\u00a0&#8220;Debido a las recientes lluvias, se reporta desborde de la presa San Aparicio en la comunidad Perales, en Genaro Codina. Ya he dado instrucciones urgentes para que elementos del ej\u00e9rcito, Seguridad P\u00fablica y Protecci\u00f3n Civil atiendan a las personas afectadas&#8221;.<\/p>\n\n\n\n<p>En otro mensaje escribi\u00f3: &#8220;Se ha activado el Plan DNIII-E de SEDENA, GN-A de Guardia Nacional y por parte de la Secretar\u00eda de Seguridad P\u00fablica el Plan SSP-D&#8221;.\u00a0De acuerdo a un video que ha comenzado a circular en las redes sociales de uno de pobladores de esa comunidad afectada, quien se ve que graba desde lo alto de una vivienda cercana al arroyo, en cuyo video se aprecia que la creciente de agua va incrementando, a la par, se escucha un grito desesperado de una persona que est\u00e1 en ese mismo domicilio y le pide a su familiar irse de ese lugar: \u201c\u00a1Ya v\u00e1monos de aqu\u00ed! \u00a1Se va a poner muy peligroso!&#8221;<\/p>\n\n\n\n<p>En la informaci\u00f3n preliminar que se ha obtenido de las autoridades municipales y de protecci\u00f3n civil, se ha referido que, hasta el momento, no se tienen reportes de da\u00f1os a la poblaci\u00f3n, pero que el desbordamiento s\u00ed ha afectado el sistema el\u00e9ctrico, as\u00ed como probable p\u00e9rdida de ganado. Debido a que apenas se enviaron las brigadas de apoyo de los diferentes \u00f3rdenes de gobierno, la \u00a0informaci\u00f3n y la evaluaci\u00f3n de da\u00f1os est\u00e1 en proceso.<\/p>\n\n\n\n<p>En entrevista con EL UNIVERSAL, Francisco Javier Arcos Ruiz, alcalde del municipio de Cuauht\u00e9moc, colindante con Genaro Codina, inform\u00f3 que ese lugar tambi\u00e9n est\u00e1 en alerta, incluso, mencion\u00f3 que se traslad\u00f3 a la comunidad de R\u00edo Verde, porque ah\u00ed el nivel creci\u00f3, debido a que los alcanz\u00f3 la corriente procedente de la presa San Aparicio que se desbord\u00f3.<\/p>\n\n\n\n<p>Dijo que afortunadamente ya disminuy\u00f3 el nivel, pero s\u00ed se tuvo que desplazar a algunos pobladores a zonas m\u00e1s altos para evitar riesgos, sin embargo, mencion\u00f3 que las autoridades estatales y municipales tambi\u00e9n monitorean una presa llamada El Infiernillo, tambi\u00e9n ubicada en Genaro Codina, \u00a0la cual tiene mayor capacidad de agua, ya que si \u00e9sta llegara a desbordar nuevamente crecer\u00eda la corriente y afectar\u00eda a ambos municipios.<\/p>\n\n\n\n<p>En el bolet\u00edn, el gobernador hace un llamado a la poblaci\u00f3n a conservar la calma y pide estar atentos a las indicaciones de la Coordinaci\u00f3n Estatal de Protecci\u00f3n Civil y de la Secretar\u00eda de Salud, tras asegurar que ya \u201cse atiende la situaci\u00f3n y se busca el control ante estos hechos\u201d.<\/p>\n\n\n\n<p>Fuente: El universal <\/p>\n","protected":false},"excerpt":{"rendered":"<p>La noche de este jueves se emiti\u00f3 una alerta por el desbordamiento de una presa en Zacatecas. David Monreal, gobernador, lo inform\u00f3 as\u00ed en su cuenta de Twitter:\u00a0&#8220;Debido a las recientes lluvias, se reporta desborde de la presa San Aparicio en la comunidad Perales, en Genaro Codina. Ya he dado instrucciones urgentes para que elementos [&hellip;]<\/p>\n","protected":false},"author":35,"featured_media":24894,"comment_status":"open","ping_status":"open","sticky":false,"template":"","format":"standard","meta":{"_monsterinsights_skip_tracking":false,"_monsterinsights_sitenote_active":false,"_monsterinsights_sitenote_note":"","_monsterinsights_sitenote_category":0,"footnotes":""},"categories":[157],"tags":[6129,6128],"class_list":["post-24890","post","type-post","status-publish","format-standard","has-post-thumbnail","hentry","category-nacional","tag-presa-genaro-codina","tag-zacatecas","wp-image-borders"],"amp_enabled":true,"_links":{"self":[{"href":"https:\/\/nvnoticias.mx\/index.php\/wp-json\/wp\/v2\/posts\/24890","targetHints":{"allow":["GET"]}}],"collection":[{"href":"https:\/\/nvnoticias.mx\/index.php\/wp-json\/wp\/v2\/posts"}],"about":[{"href":"https:\/\/nvnoticias.mx\/index.php\/wp-json\/wp\/v2\/types\/post"}],"author":[{"embeddable":true,"href":"https:\/\/nvnoticias.mx\/index.php\/wp-json\/wp\/v2\/users\/35"}],"replies":[{"embeddable":true,"href":"https:\/\/nvnoticias.mx\/index.php\/wp-json\/wp\/v2\/comments?post=24890"}],"version-history":[{"count":2,"href":"https:\/\/nvnoticias.mx\/index.php\/wp-json\/wp\/v2\/posts\/24890\/revisions"}],"predecessor-version":[{"id":24893,"href":"https:\/\/nvnoticias.mx\/index.php\/wp-json\/wp\/v2\/posts\/24890\/revisions\/24893"}],"wp:featuredmedia":[{"embeddable":true,"href":"https:\/\/nvnoticias.mx\/index.php\/wp-json\/wp\/v2\/media\/24894"}],"wp:attachment":[{"href":"https:\/\/nvnoticias.mx\/index.php\/wp-json\/wp\/v2\/media?parent=24890"}],"wp:term":[{"taxonomy":"category","embeddable":true,"href":"https:\/\/nvnoticias.mx\/index.php\/wp-json\/wp\/v2\/categories?post=24890"},{"taxonomy":"post_tag","embeddable":true,"href":"https:\/\/nvnoticias.mx\/index.php\/wp-json\/wp\/v2\/tags?post=24890"}],"curies":[{"name":"wp","href":"https:\/\/api.w.org\/{rel}","templated":true}]}}