{"id":24811,"date":"2021-09-16T11:14:35","date_gmt":"2021-09-16T16:14:35","guid":{"rendered":"https:\/\/nvnoticias.mx\/?p=24811"},"modified":"2021-09-16T11:14:36","modified_gmt":"2021-09-16T16:14:36","slug":"reitera-sedena-respaldo-al-gobierno-de-amlo","status":"publish","type":"post","link":"https:\/\/nvnoticias.mx\/index.php\/2021\/09\/16\/reitera-sedena-respaldo-al-gobierno-de-amlo\/","title":{"rendered":"Reitera Sedena respaldo al gobierno de AMLO"},"content":{"rendered":"\n<p>Luis Cresencio Sandoval, titular de la Secretar\u00eda de la Defensa Nacional (Sedena), reiter\u00f3 el respaldo de las Fuerzas Armadas al gobierno del presidente Andr\u00e9s Manuel L\u00f3pez Obrador e hizo un llamado a los mexicanos a mantenerse unidos. <\/p>\n\n\n\n<p>Durante su mensaje por el desfile militar del 211 Aniversario de la Independencia de M\u00e9xico, el funcionario asegur\u00f3 que &#8220;el\u00a0Ej\u00e9rcito, las Fuerzas Armadas y Armada de M\u00e9xico, objetivamente, se adaptan a tiempos actuales\u00a0respaldando firmemente al gobierno que usted representa&#8221;. <\/p>\n\n\n\n<blockquote class=\"wp-block-quote is-layout-flow wp-block-quote-is-layout-flow\"><p>&#8220;Nos preparamos para fortalecer capacidades,\u00a0cumplir\u00a0de manera eficaz misiones y tareas asignadas, con respeto a derechos humanos y manteniendo cerca del pueblo para protegerlo, orgullosos que nuestros or\u00edgenes y sabemos que lo m\u00e1s importante es M\u00e9xico&#8221;, expres\u00f3.\u00a0 <\/p><\/blockquote>\n\n\n\n<p>El titular de la Sedena coment\u00f3 que &#8220;la unidad es la mayor fortaleza para lograr que el pa\u00eds avance con progreso, justicia y aut\u00e9ntico Estado de Derecho&#8221;. <\/p>\n\n\n\n<blockquote class=\"wp-block-quote is-layout-flow wp-block-quote-is-layout-flow\"><p>&#8220;Se\u00f1or Presidente, como mexicanos, los integrantes del ej\u00e9rcito, Fuerzas Armadas y Armada nos llena de orgullo conmemora el inicio de independencia, su misma trascendencia permite entender la g\u00e9nesis de las Fuerzas Armadas&#8221;.<\/p><\/blockquote>\n\n\n\n<p>Fuente: <a href=\"https:\/\/www.milenio.com\/politica\/sedena-reitera-respaldo-gobierno-amlo-pide-mexicanos-unidad\">Milenio<\/a><\/p>\n","protected":false},"excerpt":{"rendered":"<p>Luis Cresencio Sandoval, titular de la Secretar\u00eda de la Defensa Nacional (Sedena), reiter\u00f3 el respaldo de las Fuerzas Armadas al gobierno del presidente Andr\u00e9s Manuel L\u00f3pez Obrador e hizo un llamado a los mexicanos a mantenerse unidos. Durante su mensaje por el desfile militar del 211 Aniversario de la Independencia de M\u00e9xico, el funcionario asegur\u00f3 [&hellip;]<\/p>\n","protected":false},"author":6,"featured_media":24813,"comment_status":"open","ping_status":"open","sticky":false,"template":"","format":"standard","meta":{"_monsterinsights_skip_tracking":false,"_monsterinsights_sitenote_active":false,"_monsterinsights_sitenote_note":"","_monsterinsights_sitenote_category":0,"footnotes":""},"categories":[157],"tags":[188,617],"class_list":["post-24811","post","type-post","status-publish","format-standard","has-post-thumbnail","hentry","category-nacional","tag-amlo","tag-sedena","wp-image-borders"],"amp_enabled":true,"_links":{"self":[{"href":"https:\/\/nvnoticias.mx\/index.php\/wp-json\/wp\/v2\/posts\/24811","targetHints":{"allow":["GET"]}}],"collection":[{"href":"https:\/\/nvnoticias.mx\/index.php\/wp-json\/wp\/v2\/posts"}],"about":[{"href":"https:\/\/nvnoticias.mx\/index.php\/wp-json\/wp\/v2\/types\/post"}],"author":[{"embeddable":true,"href":"https:\/\/nvnoticias.mx\/index.php\/wp-json\/wp\/v2\/users\/6"}],"replies":[{"embeddable":true,"href":"https:\/\/nvnoticias.mx\/index.php\/wp-json\/wp\/v2\/comments?post=24811"}],"version-history":[{"count":1,"href":"https:\/\/nvnoticias.mx\/index.php\/wp-json\/wp\/v2\/posts\/24811\/revisions"}],"predecessor-version":[{"id":24812,"href":"https:\/\/nvnoticias.mx\/index.php\/wp-json\/wp\/v2\/posts\/24811\/revisions\/24812"}],"wp:featuredmedia":[{"embeddable":true,"href":"https:\/\/nvnoticias.mx\/index.php\/wp-json\/wp\/v2\/media\/24813"}],"wp:attachment":[{"href":"https:\/\/nvnoticias.mx\/index.php\/wp-json\/wp\/v2\/media?parent=24811"}],"wp:term":[{"taxonomy":"category","embeddable":true,"href":"https:\/\/nvnoticias.mx\/index.php\/wp-json\/wp\/v2\/categories?post=24811"},{"taxonomy":"post_tag","embeddable":true,"href":"https:\/\/nvnoticias.mx\/index.php\/wp-json\/wp\/v2\/tags?post=24811"}],"curies":[{"name":"wp","href":"https:\/\/api.w.org\/{rel}","templated":true}]}}