{"id":24754,"date":"2021-09-16T09:00:04","date_gmt":"2021-09-16T14:00:04","guid":{"rendered":"https:\/\/nvnoticias.mx\/?p=24754"},"modified":"2021-09-16T09:00:06","modified_gmt":"2021-09-16T14:00:06","slug":"anuncia-presidente-de-cuba-entusiasmo-por-estar-en-nuestro-pais","status":"publish","type":"post","link":"https:\/\/nvnoticias.mx\/index.php\/2021\/09\/16\/anuncia-presidente-de-cuba-entusiasmo-por-estar-en-nuestro-pais\/","title":{"rendered":"Anuncia presidente de Cuba entusiasmo por estar en nuestro pa\u00eds"},"content":{"rendered":"\n<p>El presidente de Cuba, Miguel D\u00edaz-Canel, anunci\u00f3 mediante sus redes sociales su emoci\u00f3n por estar en M\u00e9xico en el D\u00eda del Grito de Independencia; adem\u00e1s&nbsp;destac\u00f3 el &#8220;amor&#8221; y &#8220;respeto&#8221; de la Isla a nuestro pa\u00eds.<\/p>\n\n\n\n<blockquote class=\"twitter-tweet\"><p lang=\"es\" dir=\"ltr\">En el d\u00eda del <a href=\"https:\/\/twitter.com\/hashtag\/GritoDeDolores?src=hash&amp;ref_src=twsrc%5Etfw\">#GritoDeDolores<\/a>, fiesta patria de <a href=\"https:\/\/twitter.com\/hashtag\/M%C3%A9xico?src=hash&amp;ref_src=twsrc%5Etfw\">#M\u00e9xico<\/a>, es un honor llegar a la entra\u00f1able tierra azteca, a la que tanto debe, ama y respeta <a href=\"https:\/\/twitter.com\/hashtag\/Cuba?src=hash&amp;ref_src=twsrc%5Etfw\">#Cuba<\/a>. Hoy estaremos acompa\u00f1ando las festividades por su independencia <a href=\"https:\/\/twitter.com\/hashtag\/VivaM%C3%A9xico?src=hash&amp;ref_src=twsrc%5Etfw\">#VivaM\u00e9xico<\/a> <a href=\"https:\/\/t.co\/TkcYxU5oOT\">pic.twitter.com\/TkcYxU5oOT<\/a><\/p>\u2014 Miguel D\u00edaz-Canel Berm\u00fadez (@DiazCanelB) <a href=\"https:\/\/twitter.com\/DiazCanelB\/status\/1438436054424559618?ref_src=twsrc%5Etfw\">September 16, 2021<\/a><\/blockquote> <script async=\"\" src=\"https:\/\/platform.twitter.com\/widgets.js\" charset=\"utf-8\"><\/script>\n\n\n\n<p>El mandatario participar\u00e1 el jueves en los festejos por el aniversario 200 de la consumaci\u00f3n de la independencia de&nbsp;M\u00e9xico, antes de una cumbre latinoamericana el s\u00e1bado que reunir\u00e1 a l\u00edderes electos recientemente de una nueva &#8220;marea rosa&#8221; que se extiende por la regi\u00f3n.<\/p>\n\n\n\n<p>El viaje es el primero que el mandatario cubano realiza al extranjero luego de unas in\u00e9ditas protestas que, en julio, sacudieron a la isla de gobierno comunista en medio de un repunte del coronavirus y ante la falta de medicinas, alimentos, combustible y libertades individuales.<\/p>\n\n\n\n<p>Durante las manifestaciones antigubernamentales,&nbsp;M\u00e9xico&nbsp;le lanz\u00f3 un salvavidas a La Habana al enviar buques con cargamentos de combustible, alimentos y tanques de ox\u00edgeno y su presidente, Andr\u00e9s Manuel L\u00f3pez Obrador, critic\u00f3 fuertemente el embargo estadounidense sobre la isla.<\/p>\n\n\n\n<p>El s\u00e1bado, la Comunidad de Estados Latinoamericanos y Caribe\u00f1os (CELAC) discutir\u00e1 la respuesta de la regi\u00f3n ante la pandemia del coronavirus y la creaci\u00f3n de un fondo para la atenci\u00f3n de desastres derivados del cambio clim\u00e1tico.Adem\u00e1s, se prev\u00e9 que&nbsp;M\u00e9xico, como presidente pro tempore del grupo, puje por una propuesta unificada para sustituir o reformar a la Organizaci\u00f3n de Estados Americanos (OEA), se\u00f1alada de ser un instrumento &#8220;injerencista&#8221; de Estados Unidos.<\/p>\n\n\n\n<blockquote class=\"wp-block-quote is-layout-flow wp-block-quote-is-layout-flow\"><p>&#8220;Se analizar\u00e1 qu\u00e9 plan va a seguir Am\u00e9rica Latina y el Caribe para contar con equipos, vacunas, pruebas ante cualquier otra contingencia y no nos vuelva a ocurrir lo mismo que en 2020 con el SARS-CoV-2, responsable de la enfermedad COVID-19&#8221;, adelant\u00f3 esta semana el canciller mexicano, Marcelo Ebrard.<\/p><\/blockquote>\n\n\n\n<p>Hasta el momento, 16 jefes de Estado han confirmado su participaci\u00f3n en la sexta cumbre de la CELAC. Entre ellos figuran algunos l\u00edderes de la llamada &#8220;marea rosa&#8221; que ha ido recuperando terreno en Latinoam\u00e9rica, como Pedro Castillo, de Per\u00fa; Luis Arce, de Bolivia; y Alberto Fern\u00e1ndez, de Argentina.<\/p>\n\n\n\n<p>La cumbre se produce luego de las protestas en Cuba, el asesinato del presidente de Hait\u00ed, Jovenel Mo\u00efse, un nuevo embate del presidente nicarag\u00fcense, Daniel Ortega, contra la oposici\u00f3n y en medio de negociaciones en\u00a0M\u00e9xico\u00a0entre el gobierno y la oposici\u00f3n venezolanas.<\/p>\n\n\n\n<p>Fuente: Milenio<\/p>\n","protected":false},"excerpt":{"rendered":"<p>El presidente de Cuba, Miguel D\u00edaz-Canel, anunci\u00f3 mediante sus redes sociales su emoci\u00f3n por estar en M\u00e9xico en el D\u00eda del Grito de Independencia; adem\u00e1s&nbsp;destac\u00f3 el &#8220;amor&#8221; y &#8220;respeto&#8221; de la Isla a nuestro pa\u00eds. En el d\u00eda del #GritoDeDolores, fiesta patria de #M\u00e9xico, es un honor llegar a la entra\u00f1able tierra azteca, a la [&hellip;]<\/p>\n","protected":false},"author":35,"featured_media":24723,"comment_status":"open","ping_status":"open","sticky":false,"template":"","format":"standard","meta":{"_monsterinsights_skip_tracking":false,"_monsterinsights_sitenote_active":false,"_monsterinsights_sitenote_note":"","_monsterinsights_sitenote_category":0,"footnotes":""},"categories":[158],"tags":[2501,5443],"class_list":["post-24754","post","type-post","status-publish","format-standard","has-post-thumbnail","hentry","category-politica","tag-cuba","tag-independencia-de-mexico","wp-image-borders"],"amp_enabled":true,"_links":{"self":[{"href":"https:\/\/nvnoticias.mx\/index.php\/wp-json\/wp\/v2\/posts\/24754","targetHints":{"allow":["GET"]}}],"collection":[{"href":"https:\/\/nvnoticias.mx\/index.php\/wp-json\/wp\/v2\/posts"}],"about":[{"href":"https:\/\/nvnoticias.mx\/index.php\/wp-json\/wp\/v2\/types\/post"}],"author":[{"embeddable":true,"href":"https:\/\/nvnoticias.mx\/index.php\/wp-json\/wp\/v2\/users\/35"}],"replies":[{"embeddable":true,"href":"https:\/\/nvnoticias.mx\/index.php\/wp-json\/wp\/v2\/comments?post=24754"}],"version-history":[{"count":3,"href":"https:\/\/nvnoticias.mx\/index.php\/wp-json\/wp\/v2\/posts\/24754\/revisions"}],"predecessor-version":[{"id":24757,"href":"https:\/\/nvnoticias.mx\/index.php\/wp-json\/wp\/v2\/posts\/24754\/revisions\/24757"}],"wp:featuredmedia":[{"embeddable":true,"href":"https:\/\/nvnoticias.mx\/index.php\/wp-json\/wp\/v2\/media\/24723"}],"wp:attachment":[{"href":"https:\/\/nvnoticias.mx\/index.php\/wp-json\/wp\/v2\/media?parent=24754"}],"wp:term":[{"taxonomy":"category","embeddable":true,"href":"https:\/\/nvnoticias.mx\/index.php\/wp-json\/wp\/v2\/categories?post=24754"},{"taxonomy":"post_tag","embeddable":true,"href":"https:\/\/nvnoticias.mx\/index.php\/wp-json\/wp\/v2\/tags?post=24754"}],"curies":[{"name":"wp","href":"https:\/\/api.w.org\/{rel}","templated":true}]}}