{"id":24734,"date":"2021-09-16T08:19:48","date_gmt":"2021-09-16T13:19:48","guid":{"rendered":"https:\/\/nvnoticias.mx\/?p=24734"},"modified":"2021-09-16T08:19:49","modified_gmt":"2021-09-16T13:19:49","slug":"consul-lanza-arenga-dedicada-a-amlo","status":"publish","type":"post","link":"https:\/\/nvnoticias.mx\/index.php\/2021\/09\/16\/consul-lanza-arenga-dedicada-a-amlo\/","title":{"rendered":"C\u00f3nsul lanza arenga dedicada a AMLO"},"content":{"rendered":"\n<p>Embajadas y consulados de M\u00e9xico en el mundo llevaron a connacionales que habitan en el extranjero las festividades por el aniversario de la Independencia de M\u00e9xico, sin embargo, las arengas de la c\u00f3nsul Isabel Arvide causaron pol\u00e9mica al nombrar al presidente Andr\u00e9s Manuel L\u00f3pez Obrador.<\/p>\n\n\n\n<p><div>Al conmemorar el Grito de Independencia, la c\u00f3nsul de M\u00e9xico en Estambul, Turqu\u00eda, lanz\u00f3 un \u201cViva L\u00f3pez Obrador\u201d, mismo que reconoci\u00f3 haber mencionado a trav\u00e9s de redes sociales.<\/div><\/p>\n\n\n\n<p>Un video publicado en su cuenta oficial de Twitter, se ve a Isabel Arvide expresar las arengas, no obstante, \u00e9ste fue editado al final, sin que se escuche el grito de &#8220;Viva&#8221; dedicado al Presidente.<\/p>\n\n\n\n<p><blockquote class=\"twitter-tweet\" data-width=\"550\" data-dnt=\"true\"><p lang=\"es\" dir=\"ltr\">Viva M\u00e9xico <a href=\"https:\/\/t.co\/11HzGfye9p\">pic.twitter.com\/11HzGfye9p<\/a><\/p>&mdash; Isabel Arvide Lim\u00f3n (@isabelarvide) <a href=\"https:\/\/twitter.com\/isabelarvide\/status\/1438223564717559822?ref_src=twsrc%5Etfw\">September 15, 2021<\/a><\/blockquote><script async src=\"https:\/\/platform.twitter.com\/widgets.js\" charset=\"utf-8\"><\/script><\/p>\n\n\n\n<p>En otro video difundido en redes sociales, al concluir el &#8220;Grito&#8221; con la menci\u00f3n del presidente L\u00f3pez Obrador, se escuchan abucheos y personas que expresan su descontento ante el acto, incluso, durante la celebraci\u00f3n se acerca una mujer a la c\u00f3nsul para expresarle su descontecto.<\/p>\n\n\n\n<p>&#8220;Eso no se hace.. lo respeto pero \u00e9l no va ah\u00ed&#8230; M\u00e9xico no es L\u00f3pez Obrador&#8221;, se le escucha decir a la mujer sumamente molesta. <\/p>\n\n\n\n<p>Fuente: El Universal<\/p>\n","protected":false},"excerpt":{"rendered":"<p>Embajadas y consulados de M\u00e9xico en el mundo llevaron a connacionales que habitan en el extranjero las festividades por el aniversario de la Independencia de M\u00e9xico, sin embargo, las arengas de la c\u00f3nsul Isabel Arvide causaron pol\u00e9mica al nombrar al presidente Andr\u00e9s Manuel L\u00f3pez Obrador. Al conmemorar el Grito de Independencia, la c\u00f3nsul de M\u00e9xico [&hellip;]<\/p>\n","protected":false},"author":6,"featured_media":24742,"comment_status":"open","ping_status":"open","sticky":false,"template":"","format":"standard","meta":{"_monsterinsights_skip_tracking":false,"_monsterinsights_sitenote_active":false,"_monsterinsights_sitenote_note":"","_monsterinsights_sitenote_category":0,"footnotes":""},"categories":[158],"tags":[188,5848,292],"class_list":["post-24734","post","type-post","status-publish","format-standard","has-post-thumbnail","hentry","category-politica","tag-amlo","tag-grito-de-independencia","tag-mexico","wp-image-borders"],"amp_enabled":true,"_links":{"self":[{"href":"https:\/\/nvnoticias.mx\/index.php\/wp-json\/wp\/v2\/posts\/24734","targetHints":{"allow":["GET"]}}],"collection":[{"href":"https:\/\/nvnoticias.mx\/index.php\/wp-json\/wp\/v2\/posts"}],"about":[{"href":"https:\/\/nvnoticias.mx\/index.php\/wp-json\/wp\/v2\/types\/post"}],"author":[{"embeddable":true,"href":"https:\/\/nvnoticias.mx\/index.php\/wp-json\/wp\/v2\/users\/6"}],"replies":[{"embeddable":true,"href":"https:\/\/nvnoticias.mx\/index.php\/wp-json\/wp\/v2\/comments?post=24734"}],"version-history":[{"count":2,"href":"https:\/\/nvnoticias.mx\/index.php\/wp-json\/wp\/v2\/posts\/24734\/revisions"}],"predecessor-version":[{"id":24743,"href":"https:\/\/nvnoticias.mx\/index.php\/wp-json\/wp\/v2\/posts\/24734\/revisions\/24743"}],"wp:featuredmedia":[{"embeddable":true,"href":"https:\/\/nvnoticias.mx\/index.php\/wp-json\/wp\/v2\/media\/24742"}],"wp:attachment":[{"href":"https:\/\/nvnoticias.mx\/index.php\/wp-json\/wp\/v2\/media?parent=24734"}],"wp:term":[{"taxonomy":"category","embeddable":true,"href":"https:\/\/nvnoticias.mx\/index.php\/wp-json\/wp\/v2\/categories?post=24734"},{"taxonomy":"post_tag","embeddable":true,"href":"https:\/\/nvnoticias.mx\/index.php\/wp-json\/wp\/v2\/tags?post=24734"}],"curies":[{"name":"wp","href":"https:\/\/api.w.org\/{rel}","templated":true}]}}