{"id":24671,"date":"2021-09-15T10:39:55","date_gmt":"2021-09-15T15:39:55","guid":{"rendered":"https:\/\/nvnoticias.mx\/?p=24671"},"modified":"2021-09-15T10:39:56","modified_gmt":"2021-09-15T15:39:56","slug":"fiestas-patrias-seran-virtuales-en-la-mayoria-de-municipios","status":"publish","type":"post","link":"https:\/\/nvnoticias.mx\/index.php\/2021\/09\/15\/fiestas-patrias-seran-virtuales-en-la-mayoria-de-municipios\/","title":{"rendered":"Fiestas patrias ser\u00e1n virtuales en la mayor\u00eda de municipios"},"content":{"rendered":"\n<p><strong>Jes\u00fas&nbsp;Utrilla |&nbsp;NV Noticias<\/strong>&nbsp;<\/p>\n\n\n\n<p>Veracruz. \u2013&nbsp; Los festejos del Grito de Independencia, este 15 de septiembre por la noche, en la mayor\u00eda de municipios ser\u00e1 virtual, se\u00f1al\u00f3 la secretaria de Turismo, X\u00f3chitl&nbsp;Arbes\u00fa&nbsp;Lago.&nbsp;<\/p>\n\n\n\n<p>Dijo que algunos presidentes municipales optaron por la realizaci\u00f3n de las fiestas de forma h\u00edbrida, sin embargo, en el mayor n\u00famero de los casos se transmitir\u00e1 a trav\u00e9s de redes sociales.&nbsp;<\/p>\n\n\n\n<p>Con ello se busca prevenir aglomeraciones en los z\u00f3calos de cada una de las ciudades.&nbsp;<\/p>\n\n\n\n<p>Dijo que se debe ser responsable para contribuir a reducir la tasa de contagios de coronavirus.&nbsp;<\/p>\n\n\n\n<blockquote class=\"wp-block-quote is-layout-flow wp-block-quote-is-layout-flow\"><p>\u201cPor el sem\u00e1foro epidemiol\u00f3gico por el momento todo se est\u00e1 manejando virtual. Algunos lugares lo est\u00e1n manejando h\u00edbrido y recomendamos que todo sea virtual, que est\u00e9n en su casa para poder disminuir un poco el tema del contagio\u201d.\u00a0<\/p><\/blockquote>\n\n\n\n<p>En cuanto al desarrollo de fiestas patronales en lo que resta del a\u00f1o, expres\u00f3 que ser\u00e1 decisi\u00f3n de cada uno de los ayuntamientos, sin embargo, la funcionaria estatal llam\u00f3 a ser conscientes de la emergencia sanitaria y evitar realizar eventos que generen aglomeraciones y posibles contagios de coronavirus.&nbsp;<\/p>\n\n\n\n<p>Agreg\u00f3 que sobre todo en aquellos municipios que se mantienen en sem\u00e1foro rojo deben ser m\u00e1s cuidadosos con sus actividades para disminuir la cantidad de contagios de&nbsp;covid.&nbsp;<\/p>\n","protected":false},"excerpt":{"rendered":"<p>Jes\u00fas&nbsp;Utrilla |&nbsp;NV Noticias&nbsp; Veracruz. \u2013&nbsp; Los festejos del Grito de Independencia, este 15 de septiembre por la noche, en la mayor\u00eda de municipios ser\u00e1 virtual, se\u00f1al\u00f3 la secretaria de Turismo, X\u00f3chitl&nbsp;Arbes\u00fa&nbsp;Lago.&nbsp; Dijo que algunos presidentes municipales optaron por la realizaci\u00f3n de las fiestas de forma h\u00edbrida, sin embargo, en el mayor n\u00famero de los casos [&hellip;]<\/p>\n","protected":false},"author":6,"featured_media":24672,"comment_status":"open","ping_status":"open","sticky":false,"template":"","format":"standard","meta":{"_monsterinsights_skip_tracking":false,"_monsterinsights_sitenote_active":false,"_monsterinsights_sitenote_note":"","_monsterinsights_sitenote_category":0,"footnotes":""},"categories":[156],"tags":[6092,162],"class_list":["post-24671","post","type-post","status-publish","format-standard","has-post-thumbnail","hentry","category-estado","tag-fiestas-patrias","tag-portada","wp-image-borders"],"amp_enabled":true,"_links":{"self":[{"href":"https:\/\/nvnoticias.mx\/index.php\/wp-json\/wp\/v2\/posts\/24671","targetHints":{"allow":["GET"]}}],"collection":[{"href":"https:\/\/nvnoticias.mx\/index.php\/wp-json\/wp\/v2\/posts"}],"about":[{"href":"https:\/\/nvnoticias.mx\/index.php\/wp-json\/wp\/v2\/types\/post"}],"author":[{"embeddable":true,"href":"https:\/\/nvnoticias.mx\/index.php\/wp-json\/wp\/v2\/users\/6"}],"replies":[{"embeddable":true,"href":"https:\/\/nvnoticias.mx\/index.php\/wp-json\/wp\/v2\/comments?post=24671"}],"version-history":[{"count":1,"href":"https:\/\/nvnoticias.mx\/index.php\/wp-json\/wp\/v2\/posts\/24671\/revisions"}],"predecessor-version":[{"id":24673,"href":"https:\/\/nvnoticias.mx\/index.php\/wp-json\/wp\/v2\/posts\/24671\/revisions\/24673"}],"wp:featuredmedia":[{"embeddable":true,"href":"https:\/\/nvnoticias.mx\/index.php\/wp-json\/wp\/v2\/media\/24672"}],"wp:attachment":[{"href":"https:\/\/nvnoticias.mx\/index.php\/wp-json\/wp\/v2\/media?parent=24671"}],"wp:term":[{"taxonomy":"category","embeddable":true,"href":"https:\/\/nvnoticias.mx\/index.php\/wp-json\/wp\/v2\/categories?post=24671"},{"taxonomy":"post_tag","embeddable":true,"href":"https:\/\/nvnoticias.mx\/index.php\/wp-json\/wp\/v2\/tags?post=24671"}],"curies":[{"name":"wp","href":"https:\/\/api.w.org\/{rel}","templated":true}]}}