{"id":24642,"date":"2021-09-15T09:21:45","date_gmt":"2021-09-15T14:21:45","guid":{"rendered":"https:\/\/nvnoticias.mx\/?p=24642"},"modified":"2021-09-15T09:37:20","modified_gmt":"2021-09-15T14:37:20","slug":"empieza-ken-salazar-al-frente-de-embajada-de-eu","status":"publish","type":"post","link":"https:\/\/nvnoticias.mx\/index.php\/2021\/09\/15\/empieza-ken-salazar-al-frente-de-embajada-de-eu\/","title":{"rendered":"Empieza Ken Salazar al frente de embajada de EU"},"content":{"rendered":"\n<p>Ken Salazar, nuevo embajador de Estados Unidos en M\u00e9xico, entreg\u00f3 sus cartas credenciales al presidente Andr\u00e9s Manuel L\u00f3pez Obrador en su oficina de Palacio Nacional.<\/p>\n\n\n\n<p>El diplom\u00e1tico estadounidense lleg\u00f3 a las 16:30 horas al hist\u00f3rico inmueble y sali\u00f3 de la sede del Poder Ejecutivo a las 19:43 horas, pero la reuni\u00f3n con el Mandatario federal s\u00f3lo dur\u00f3 20 minutos.<\/p>\n\n\n\n<p>A su salida, Salazar salud\u00f3 con su sombrero texano a los representantes de los medios de comunicaci\u00f3n.<\/p>\n\n\n\n<p>A pregunta expresa de c\u00f3mo le fue en su primer encuentro con L\u00f3pez Obrador, el embajador sonri\u00f3 y levant\u00f3 el pulgar derecho.<\/p>\n\n\n\n<p>En sus redes sociales, Salazar agradeci\u00f3 mucho la gentileza y hospitalidad del Jefe del Ejecutivo federal.<\/p>\n\n\n\n<blockquote class=\"wp-block-quote is-layout-flow wp-block-quote-is-layout-flow\"><p>\u201cComienza formalmente mi encargo como embajador de Estados Unidos en M\u00e9xico\u201d, dijo. Mientras que el presidente L\u00f3pez Obrador se\u00f1al\u00f3 que salud\u00f3 al embajador \u201cKenneth Lee Salazar, de Estados Unidos, y a Fernando Estellita Lins, de Salvo Coimbra, de Brasil\u201d.<\/p><\/blockquote>\n\n\n\n<p>Antes, el canciller Marcelo Ebrard Casaubon indic\u00f3 que Salazar ser\u00e1 un embajador muy cercano a M\u00e9xico y que su nombramiento es una buena noticia para el pa\u00eds.<\/p>\n\n\n\n<blockquote class=\"wp-block-quote is-layout-flow wp-block-quote-is-layout-flow\"><p>\u201c\u00c9l entiende muy bien algunos de los planteamientos que est\u00e1 haciendo el presidente L\u00f3pez Obrador por tres razones; primero, porque \u00e9l represent\u00f3 la lucha de los denominados hispanos en Estados Unidos; segundo, porque \u00e9l viene de abajo, no es hijo de ricos, le cost\u00f3 mucho trabajo, y tercero, tiene una sensibilidad muy especial con nuestra comunidad. Por eso lo eligi\u00f3 el presidente [Joe] Biden, es un embajador que va ser cercano a M\u00e9xico\u201d, mencion\u00f3.<\/p><\/blockquote>\n\n\n\n<p>Ebrard Casaubon record\u00f3 que Salazar hizo un programa en Estados Unidos similar a J\u00f3venes Construyendo el Futuro y Sembrando Vida.<\/p>\n","protected":false},"excerpt":{"rendered":"<p>Ken Salazar, nuevo embajador de Estados Unidos en M\u00e9xico, entreg\u00f3 sus cartas credenciales al presidente Andr\u00e9s Manuel L\u00f3pez Obrador en su oficina de Palacio Nacional. El diplom\u00e1tico estadounidense lleg\u00f3 a las 16:30 horas al hist\u00f3rico inmueble y sali\u00f3 de la sede del Poder Ejecutivo a las 19:43 horas, pero la reuni\u00f3n con el Mandatario federal [&hellip;]<\/p>\n","protected":false},"author":6,"featured_media":24643,"comment_status":"open","ping_status":"open","sticky":false,"template":"","format":"standard","meta":{"_monsterinsights_skip_tracking":false,"_monsterinsights_sitenote_active":false,"_monsterinsights_sitenote_note":"","_monsterinsights_sitenote_category":0,"footnotes":""},"categories":[158],"tags":[3037,183,5523],"class_list":["post-24642","post","type-post","status-publish","format-standard","has-post-thumbnail","hentry","category-politica","tag-embajada","tag-estados-unidos","tag-ken-salazar","wp-image-borders"],"amp_enabled":true,"_links":{"self":[{"href":"https:\/\/nvnoticias.mx\/index.php\/wp-json\/wp\/v2\/posts\/24642","targetHints":{"allow":["GET"]}}],"collection":[{"href":"https:\/\/nvnoticias.mx\/index.php\/wp-json\/wp\/v2\/posts"}],"about":[{"href":"https:\/\/nvnoticias.mx\/index.php\/wp-json\/wp\/v2\/types\/post"}],"author":[{"embeddable":true,"href":"https:\/\/nvnoticias.mx\/index.php\/wp-json\/wp\/v2\/users\/6"}],"replies":[{"embeddable":true,"href":"https:\/\/nvnoticias.mx\/index.php\/wp-json\/wp\/v2\/comments?post=24642"}],"version-history":[{"count":1,"href":"https:\/\/nvnoticias.mx\/index.php\/wp-json\/wp\/v2\/posts\/24642\/revisions"}],"predecessor-version":[{"id":24644,"href":"https:\/\/nvnoticias.mx\/index.php\/wp-json\/wp\/v2\/posts\/24642\/revisions\/24644"}],"wp:featuredmedia":[{"embeddable":true,"href":"https:\/\/nvnoticias.mx\/index.php\/wp-json\/wp\/v2\/media\/24643"}],"wp:attachment":[{"href":"https:\/\/nvnoticias.mx\/index.php\/wp-json\/wp\/v2\/media?parent=24642"}],"wp:term":[{"taxonomy":"category","embeddable":true,"href":"https:\/\/nvnoticias.mx\/index.php\/wp-json\/wp\/v2\/categories?post=24642"},{"taxonomy":"post_tag","embeddable":true,"href":"https:\/\/nvnoticias.mx\/index.php\/wp-json\/wp\/v2\/tags?post=24642"}],"curies":[{"name":"wp","href":"https:\/\/api.w.org\/{rel}","templated":true}]}}