{"id":24628,"date":"2021-09-14T15:47:16","date_gmt":"2021-09-14T20:47:16","guid":{"rendered":"https:\/\/nvnoticias.mx\/?p=24628"},"modified":"2021-09-14T15:47:17","modified_gmt":"2021-09-14T20:47:17","slug":"decidiran-si-tlali-sustituye-a-colon-en-reforma","status":"publish","type":"post","link":"https:\/\/nvnoticias.mx\/index.php\/2021\/09\/14\/decidiran-si-tlali-sustituye-a-colon-en-reforma\/","title":{"rendered":"Decidir\u00e1n si &#8216;Tlali&#8217; sustituye a &#8216;Col\u00f3n&#8217; en reforma"},"content":{"rendered":"\n<p>La jefa de Gobierno de la Ciudad de M\u00e9xico, Claudia Sheinbaum, inform\u00f3 que se dar\u00e1 marcha atr\u00e1s a la escultura de&nbsp;Tlali&nbsp;realizada por el escultor&nbsp;Pedro Reyes&nbsp;y que ser\u00eda colocada en la&nbsp;Glorieta de Col\u00f3n, en&nbsp;Paseo de la Reforma.<\/p>\n\n\n\n<p>Se\u00f1al\u00f3 que ser\u00e1 el Comit\u00e9 de Monumentos y Obras Art\u00edsticas en Espacios P\u00fablicos de la Ciudad de M\u00e9xico quien decida qu\u00e9 escultura se colocar\u00e1.<\/p>\n\n\n\n<blockquote class=\"wp-block-quote is-layout-flow wp-block-quote-is-layout-flow\"><p>&#8220;Hemos tomado la decisi\u00f3n de que mejor lo ponemos en manos del&nbsp;Comit\u00e9 de Monumentos y Obras Art\u00edsticas en Espacios P\u00fablicos de la Ciudad de M\u00e9xico&nbsp;que es finalmente quien lo tiene que decidir, el cual est\u00e1 constituido por instituciones de la Ciudad y del Gobierno de M\u00e9xico, como el Instituto Nacional de Antropolog\u00eda e Historia (INAH) as\u00ed como historiadores y ciudadanos&#8221;, expuso.Durante la entrega de firmas de promotoras ind\u00edgenas por la dignificaci\u00f3n de&nbsp;Tlali, Sheinbaum Pardo, agradeci\u00f3 al&nbsp;escultor Pedro Reyes, y coment\u00f3 que parte de su obra est\u00e1 exponi\u00e9ndose en la Ciudad.<\/p><\/blockquote>\n\n\n\n<p>Fuente: El universal<\/p>\n","protected":false},"excerpt":{"rendered":"<p>La jefa de Gobierno de la Ciudad de M\u00e9xico, Claudia Sheinbaum, inform\u00f3 que se dar\u00e1 marcha atr\u00e1s a la escultura de&nbsp;Tlali&nbsp;realizada por el escultor&nbsp;Pedro Reyes&nbsp;y que ser\u00eda colocada en la&nbsp;Glorieta de Col\u00f3n, en&nbsp;Paseo de la Reforma. Se\u00f1al\u00f3 que ser\u00e1 el Comit\u00e9 de Monumentos y Obras Art\u00edsticas en Espacios P\u00fablicos de la Ciudad de M\u00e9xico quien [&hellip;]<\/p>\n","protected":false},"author":35,"featured_media":2090,"comment_status":"open","ping_status":"open","sticky":false,"template":"","format":"standard","meta":{"_monsterinsights_skip_tracking":false,"_monsterinsights_sitenote_active":false,"_monsterinsights_sitenote_note":"","_monsterinsights_sitenote_category":0,"footnotes":""},"categories":[157],"tags":[6102,1942,6100],"class_list":["post-24628","post","type-post","status-publish","format-standard","has-post-thumbnail","hentry","category-nacional","tag-colon-2","tag-reforma","tag-tlali","wp-image-borders"],"amp_enabled":true,"_links":{"self":[{"href":"https:\/\/nvnoticias.mx\/index.php\/wp-json\/wp\/v2\/posts\/24628","targetHints":{"allow":["GET"]}}],"collection":[{"href":"https:\/\/nvnoticias.mx\/index.php\/wp-json\/wp\/v2\/posts"}],"about":[{"href":"https:\/\/nvnoticias.mx\/index.php\/wp-json\/wp\/v2\/types\/post"}],"author":[{"embeddable":true,"href":"https:\/\/nvnoticias.mx\/index.php\/wp-json\/wp\/v2\/users\/35"}],"replies":[{"embeddable":true,"href":"https:\/\/nvnoticias.mx\/index.php\/wp-json\/wp\/v2\/comments?post=24628"}],"version-history":[{"count":3,"href":"https:\/\/nvnoticias.mx\/index.php\/wp-json\/wp\/v2\/posts\/24628\/revisions"}],"predecessor-version":[{"id":24631,"href":"https:\/\/nvnoticias.mx\/index.php\/wp-json\/wp\/v2\/posts\/24628\/revisions\/24631"}],"wp:featuredmedia":[{"embeddable":true,"href":"https:\/\/nvnoticias.mx\/index.php\/wp-json\/wp\/v2\/media\/2090"}],"wp:attachment":[{"href":"https:\/\/nvnoticias.mx\/index.php\/wp-json\/wp\/v2\/media?parent=24628"}],"wp:term":[{"taxonomy":"category","embeddable":true,"href":"https:\/\/nvnoticias.mx\/index.php\/wp-json\/wp\/v2\/categories?post=24628"},{"taxonomy":"post_tag","embeddable":true,"href":"https:\/\/nvnoticias.mx\/index.php\/wp-json\/wp\/v2\/tags?post=24628"}],"curies":[{"name":"wp","href":"https:\/\/api.w.org\/{rel}","templated":true}]}}