{"id":24585,"date":"2021-09-14T14:20:38","date_gmt":"2021-09-14T19:20:38","guid":{"rendered":"https:\/\/nvnoticias.mx\/?p=24585"},"modified":"2021-09-14T14:20:39","modified_gmt":"2021-09-14T19:20:39","slug":"festejos-independencia-permitiran-repunte-ocupacion-hotelera","status":"publish","type":"post","link":"https:\/\/nvnoticias.mx\/index.php\/2021\/09\/14\/festejos-independencia-permitiran-repunte-ocupacion-hotelera\/","title":{"rendered":"Festejos de la Independencia permitir\u00e1n un repunte en la ocupaci\u00f3n hotelera"},"content":{"rendered":"\n<p><strong>Jes\u00fas&nbsp;Utrilla |&nbsp;NV Noticias<\/strong>&nbsp;<\/p>\n\n\n\n<p>Veracruz. \u2013&nbsp; Los festejos de la Independencia de M\u00e9xico permitir\u00e1n un repunte en la ocupaci\u00f3n hotelera, afirm\u00f3 Sergio Lois Heredia, presidente del Consejo Metropolitano de Turismo (COMETUR).&nbsp;<\/p>\n\n\n\n<p>Dijo que desde la semana pasada comenzaron a reportar reservaciones lo que hace suponer que arribar\u00e1 un n\u00famero importante de turistas a Veracruz y a Boca del R\u00edo.&nbsp;<\/p>\n\n\n\n<p>Esto permitir\u00e1 reactivar las condiciones econ\u00f3micas pues durante varios meses la gente \u00fanicamente arribaba a los destinos tur\u00edsticos sin reservaci\u00f3n previa.&nbsp;<\/p>\n\n\n\n<p>Explic\u00f3 que enero y febrero fueron meses&nbsp;bajos,&nbsp;pero mejor\u00f3 en marzo.&nbsp;<\/p>\n\n\n\n<p>Posteriormente agosto y la primera quincena de septiembre registraron escasa presencia de turistas.&nbsp;<\/p>\n\n\n\n<blockquote class=\"wp-block-quote is-layout-flow wp-block-quote-is-layout-flow\"><p>\u201cEstamos teniendo reservaciones incluso es algo que nos llama la atenci\u00f3n porque desde hace mucho tiempo la gente no reservaba, simplemente llegaban y ahora estamos teniendo reservaciones para los d\u00edas patrios. Ser\u00e1 un buen puente y esperemos que sea similar al puente de marzo\u201d.&nbsp;<\/p><\/blockquote>\n\n\n\n<p>Agreg\u00f3 que los resultados que se obtengan el fin de semana dar\u00e1n un panorama m\u00e1s certero del cierre de a\u00f1o.&nbsp;<\/p>\n\n\n\n<p>Aunque se tiene un tope de ocupaci\u00f3n por el sem\u00e1foro epidemiol\u00f3gico esperan alcanzar lo que se les permitan vender.&nbsp;<\/p>\n\n\n\n<blockquote class=\"wp-block-quote is-layout-flow wp-block-quote-is-layout-flow\"><p>\u201cLas reservaciones comenzaron la semana pasada y debe ser un parteaguas. Esperamos que para el \u00faltimo trimestre del a\u00f1o haya m\u00e1s ocupaci\u00f3n\u201d.&nbsp;<\/p><\/blockquote>\n\n\n\n<p>A su parecer la jornada de vacunaci\u00f3n dio confianza a las personas y ahora viajan m\u00e1s.&nbsp;<\/p>\n","protected":false},"excerpt":{"rendered":"<p>Jes\u00fas&nbsp;Utrilla |&nbsp;NV Noticias&nbsp; Veracruz. \u2013&nbsp; Los festejos de la Independencia de M\u00e9xico permitir\u00e1n un repunte en la ocupaci\u00f3n hotelera, afirm\u00f3 Sergio Lois Heredia, presidente del Consejo Metropolitano de Turismo (COMETUR).&nbsp; Dijo que desde la semana pasada comenzaron a reportar reservaciones lo que hace suponer que arribar\u00e1 un n\u00famero importante de turistas a Veracruz y a [&hellip;]<\/p>\n","protected":false},"author":6,"featured_media":24604,"comment_status":"open","ping_status":"open","sticky":false,"template":"","format":"standard","meta":{"_monsterinsights_skip_tracking":false,"_monsterinsights_sitenote_active":false,"_monsterinsights_sitenote_note":"","_monsterinsights_sitenote_category":0,"footnotes":""},"categories":[154],"tags":[5848,2873],"class_list":["post-24585","post","type-post","status-publish","format-standard","has-post-thumbnail","hentry","category-veracruz","tag-grito-de-independencia","tag-ocupacion-hotelera","wp-image-borders"],"amp_enabled":true,"_links":{"self":[{"href":"https:\/\/nvnoticias.mx\/index.php\/wp-json\/wp\/v2\/posts\/24585","targetHints":{"allow":["GET"]}}],"collection":[{"href":"https:\/\/nvnoticias.mx\/index.php\/wp-json\/wp\/v2\/posts"}],"about":[{"href":"https:\/\/nvnoticias.mx\/index.php\/wp-json\/wp\/v2\/types\/post"}],"author":[{"embeddable":true,"href":"https:\/\/nvnoticias.mx\/index.php\/wp-json\/wp\/v2\/users\/6"}],"replies":[{"embeddable":true,"href":"https:\/\/nvnoticias.mx\/index.php\/wp-json\/wp\/v2\/comments?post=24585"}],"version-history":[{"count":1,"href":"https:\/\/nvnoticias.mx\/index.php\/wp-json\/wp\/v2\/posts\/24585\/revisions"}],"predecessor-version":[{"id":24605,"href":"https:\/\/nvnoticias.mx\/index.php\/wp-json\/wp\/v2\/posts\/24585\/revisions\/24605"}],"wp:featuredmedia":[{"embeddable":true,"href":"https:\/\/nvnoticias.mx\/index.php\/wp-json\/wp\/v2\/media\/24604"}],"wp:attachment":[{"href":"https:\/\/nvnoticias.mx\/index.php\/wp-json\/wp\/v2\/media?parent=24585"}],"wp:term":[{"taxonomy":"category","embeddable":true,"href":"https:\/\/nvnoticias.mx\/index.php\/wp-json\/wp\/v2\/categories?post=24585"},{"taxonomy":"post_tag","embeddable":true,"href":"https:\/\/nvnoticias.mx\/index.php\/wp-json\/wp\/v2\/tags?post=24585"}],"curies":[{"name":"wp","href":"https:\/\/api.w.org\/{rel}","templated":true}]}}