{"id":24574,"date":"2021-09-14T12:34:01","date_gmt":"2021-09-14T17:34:01","guid":{"rendered":"https:\/\/nvnoticias.mx\/?p=24574"},"modified":"2021-09-14T12:41:28","modified_gmt":"2021-09-14T17:41:28","slug":"mexico-en-nueva-york","status":"publish","type":"post","link":"https:\/\/nvnoticias.mx\/index.php\/2021\/09\/14\/mexico-en-nueva-york\/","title":{"rendered":"M\u00e9xico en Nueva York"},"content":{"rendered":"\n<h2 class=\"wp-block-heading\"><strong>Septiembre tricolor en la Gran Manzana\u00a0<\/strong><\/h2>\n\n\n\n<p><strong>Miguel Salvador Rodr\u00edguez Azueta<\/strong>&nbsp;<\/p>\n\n\n\n<p>&nbsp;El d\u00eda de hoy ser\u00e1 inaugurado en el Rockefeller Center una exposici\u00f3n de c\u00f3dices mexicas y ma\u00f1ana, d\u00eda 15, las luces del ic\u00f3nico edificio ser\u00e1n iluminadas con los colores de nuestra ense\u00f1a nacional.&nbsp;<\/p>\n\n\n\n<p>Los eventos patrios son organizados por el Consulado de M\u00e9xico en Nueva York a cargo de Jorge Islas a trav\u00e9s del Instituto Cultural Mexicano que dirige atinadamente el investigador y cineasta Miguel Gleason, siendo hist\u00f3rico y digno de rememorar este a\u00f1o porque se contar\u00e1 con la presencia de los descendientes del Emperador Moctezuma y del conquistador Hern\u00e1n Cort\u00e9s, los se\u00f1ores Federico Acosta&nbsp;Ruizpensado&nbsp;y&nbsp;Ascagnio&nbsp;Pignatelli.&nbsp;<\/p>\n\n\n\n<p>El grito de Independencia ser\u00e1 a las 18:00\u00a0hrs\u00a0por parte del C\u00f3nsul Islas en el parque &#8220;Sunset&#8221; en Brooklyn y contar\u00e1 con la presencia de los invitados de honor antes mencionados, as\u00ed como Samuel\u00a0Maynez, el musico que ensamblo la \u00f3pera de Moctezuma de Vivaldi y la se\u00f1orita Andrea Meza, Miss Universo 2020.\u00a0<\/p>\n\n\n\n<p>La comunidad mexicana estar\u00e1 de fiesta con la participaci\u00f3n de Mariachi \u00c1lvaro Paulino, el grupo misterio y el grupo de Danza \u201cYaocihuatl\u201d&nbsp;<\/p>\n\n\n\n<p>&nbsp;El evento es de entrada libre y se recomienda seguir todos los protocolos de sanidad previamente establecidos.&nbsp;<\/p>\n","protected":false},"excerpt":{"rendered":"<p>Septiembre tricolor en la Gran Manzana\u00a0 Miguel Salvador Rodr\u00edguez Azueta&nbsp; &nbsp;El d\u00eda de hoy ser\u00e1 inaugurado en el Rockefeller Center una exposici\u00f3n de c\u00f3dices mexicas y ma\u00f1ana, d\u00eda 15, las luces del ic\u00f3nico edificio ser\u00e1n iluminadas con los colores de nuestra ense\u00f1a nacional.&nbsp; Los eventos patrios son organizados por el Consulado de M\u00e9xico en Nueva [&hellip;]<\/p>\n","protected":false},"author":30,"featured_media":24580,"comment_status":"open","ping_status":"open","sticky":false,"template":"","format":"standard","meta":{"_monsterinsights_skip_tracking":false,"_monsterinsights_sitenote_active":false,"_monsterinsights_sitenote_note":"","_monsterinsights_sitenote_category":0,"footnotes":""},"categories":[332],"tags":[525],"class_list":["post-24574","post","type-post","status-publish","format-standard","has-post-thumbnail","hentry","category-veracruz-en-la-cultura","tag-dr-miguel-salvador-rodriguez-azueta","wp-image-borders"],"amp_enabled":true,"_links":{"self":[{"href":"https:\/\/nvnoticias.mx\/index.php\/wp-json\/wp\/v2\/posts\/24574","targetHints":{"allow":["GET"]}}],"collection":[{"href":"https:\/\/nvnoticias.mx\/index.php\/wp-json\/wp\/v2\/posts"}],"about":[{"href":"https:\/\/nvnoticias.mx\/index.php\/wp-json\/wp\/v2\/types\/post"}],"author":[{"embeddable":true,"href":"https:\/\/nvnoticias.mx\/index.php\/wp-json\/wp\/v2\/users\/30"}],"replies":[{"embeddable":true,"href":"https:\/\/nvnoticias.mx\/index.php\/wp-json\/wp\/v2\/comments?post=24574"}],"version-history":[{"count":1,"href":"https:\/\/nvnoticias.mx\/index.php\/wp-json\/wp\/v2\/posts\/24574\/revisions"}],"predecessor-version":[{"id":24576,"href":"https:\/\/nvnoticias.mx\/index.php\/wp-json\/wp\/v2\/posts\/24574\/revisions\/24576"}],"wp:featuredmedia":[{"embeddable":true,"href":"https:\/\/nvnoticias.mx\/index.php\/wp-json\/wp\/v2\/media\/24580"}],"wp:attachment":[{"href":"https:\/\/nvnoticias.mx\/index.php\/wp-json\/wp\/v2\/media?parent=24574"}],"wp:term":[{"taxonomy":"category","embeddable":true,"href":"https:\/\/nvnoticias.mx\/index.php\/wp-json\/wp\/v2\/categories?post=24574"},{"taxonomy":"post_tag","embeddable":true,"href":"https:\/\/nvnoticias.mx\/index.php\/wp-json\/wp\/v2\/tags?post=24574"}],"curies":[{"name":"wp","href":"https:\/\/api.w.org\/{rel}","templated":true}]}}