{"id":24520,"date":"2021-09-14T09:35:51","date_gmt":"2021-09-14T14:35:51","guid":{"rendered":"https:\/\/nvnoticias.mx\/?p=24520"},"modified":"2021-09-14T09:45:09","modified_gmt":"2021-09-14T14:45:09","slug":"determinan-avalar-validez-de-objecion-de-conciencia","status":"publish","type":"post","link":"https:\/\/nvnoticias.mx\/index.php\/2021\/09\/14\/determinan-avalar-validez-de-objecion-de-conciencia\/","title":{"rendered":"Determinan avalar validez de objeci\u00f3n de conciencia"},"content":{"rendered":"\n<p>La Suprema Corte de Justicia de la Naci\u00f3n (SCJN) determin\u00f3 avalar la validez de la objeci\u00f3n de conciencia para el personal m\u00e9dico que atiende casos de aborto. Sin embargo, el pleno del m\u00e1ximo tribunal del pa\u00eds se dividi\u00f3 ante la falta de una regulaci\u00f3n suficiente para evitar que sea utilizado para limitar el derecho a la salud de las mujeres. <\/p>\n\n\n\n<p>Durante la sesi\u00f3n p\u00fablica de este lunes, el pleno de la Corte comenz\u00f3 a analizar el proyecto de sentencia elaborado por el ministro Luis Mar\u00eda Aguilar Morales por la acci\u00f3n de inconstitucionalidad promovida por la Comisi\u00f3n Nacional de Derechos Humanos (CNDH) respecto a la objeci\u00f3n de conciencia en casos de aborto. <\/p>\n\n\n\n<p>En primer t\u00e9rmino, los ministros determinaron que el art\u00edculo 10 Bis de la Ley General de Salud es acorde con la Constituci\u00f3n, al encontrar fundamento en la libertad de conciencia y de religi\u00f3n. Sin embargo, algunos ministros advirtieron que los legisladores fueron deficientes al no incluir en la Ley General de Salud los requisitos y formas en que la objeci\u00f3n de conciencia podr\u00eda aplicarse. <\/p>\n\n\n\n<p>La ministra Margarita R\u00edos Farjat destac\u00f3 que la CNDH no impugn\u00f3 la existencia de la objeci\u00f3n de conciencia, sino que denunci\u00f3 la deficiente regulaci\u00f3n de este derecho, por lo que puede usarse para limitar los derechos a la salud e incluso a la vida. <\/p>\n\n\n\n<blockquote class=\"wp-block-quote is-layout-flow wp-block-quote-is-layout-flow\"><p>\u201cLo que debe cuidarse aqu\u00ed es a no prevalerse falsamente de la conciencia para claudicar en las obligaciones que se poseen de acuerdo con el marco jur\u00eddico, ser\u00eda contrario el principio de honesta dignidad que debe regir una objeci\u00f3n de conciencia y discordante con la Constituci\u00f3n, por servir de excusa para impedir que se brinda el acceso a servicios de salud de otras personas\u201d, enfatiz\u00f3. <\/p><\/blockquote>\n\n\n\n<p>Hasta el momento, el ministro presidente Arturo Zald\u00edvar, as\u00ed como sus compa\u00f1eros Javier Laynez, Norma Pi\u00f1a y R\u00edos Farjat han advertido que es necesario precisar los requisitos y alcances de la objeci\u00f3n de conciencia, ante las deficiencias normativas de la Ley General de Salud al respecto. Sin embargo, la votaci\u00f3n no se realiz\u00f3, pues el ministro presidente Zald\u00edvar levant\u00f3 la sesi\u00f3n, y convoc\u00f3 a seguir la discusi\u00f3n el pr\u00f3ximo lunes, debido al receso que tendr\u00e1 el m\u00e1ximo tribunal por las fiestas patrias. <\/p>\n\n\n\n<p>Fuente: Milenio <\/p>\n","protected":false},"excerpt":{"rendered":"<p>La Suprema Corte de Justicia de la Naci\u00f3n (SCJN) determin\u00f3 avalar la validez de la objeci\u00f3n de conciencia para el personal m\u00e9dico que atiende casos de aborto. Sin embargo, el pleno del m\u00e1ximo tribunal del pa\u00eds se dividi\u00f3 ante la falta de una regulaci\u00f3n suficiente para evitar que sea utilizado para limitar el derecho a [&hellip;]<\/p>\n","protected":false},"author":35,"featured_media":815,"comment_status":"open","ping_status":"open","sticky":false,"template":"","format":"standard","meta":{"_monsterinsights_skip_tracking":false,"_monsterinsights_sitenote_active":false,"_monsterinsights_sitenote_note":"","_monsterinsights_sitenote_category":0,"footnotes":""},"categories":[158],"tags":[3096,6088,162],"class_list":["post-24520","post","type-post","status-publish","format-standard","has-post-thumbnail","hentry","category-politica","tag-arturo-zaldivar","tag-objecion-de-conciencia","tag-portada","wp-image-borders"],"amp_enabled":true,"_links":{"self":[{"href":"https:\/\/nvnoticias.mx\/index.php\/wp-json\/wp\/v2\/posts\/24520","targetHints":{"allow":["GET"]}}],"collection":[{"href":"https:\/\/nvnoticias.mx\/index.php\/wp-json\/wp\/v2\/posts"}],"about":[{"href":"https:\/\/nvnoticias.mx\/index.php\/wp-json\/wp\/v2\/types\/post"}],"author":[{"embeddable":true,"href":"https:\/\/nvnoticias.mx\/index.php\/wp-json\/wp\/v2\/users\/35"}],"replies":[{"embeddable":true,"href":"https:\/\/nvnoticias.mx\/index.php\/wp-json\/wp\/v2\/comments?post=24520"}],"version-history":[{"count":3,"href":"https:\/\/nvnoticias.mx\/index.php\/wp-json\/wp\/v2\/posts\/24520\/revisions"}],"predecessor-version":[{"id":24527,"href":"https:\/\/nvnoticias.mx\/index.php\/wp-json\/wp\/v2\/posts\/24520\/revisions\/24527"}],"wp:featuredmedia":[{"embeddable":true,"href":"https:\/\/nvnoticias.mx\/index.php\/wp-json\/wp\/v2\/media\/815"}],"wp:attachment":[{"href":"https:\/\/nvnoticias.mx\/index.php\/wp-json\/wp\/v2\/media?parent=24520"}],"wp:term":[{"taxonomy":"category","embeddable":true,"href":"https:\/\/nvnoticias.mx\/index.php\/wp-json\/wp\/v2\/categories?post=24520"},{"taxonomy":"post_tag","embeddable":true,"href":"https:\/\/nvnoticias.mx\/index.php\/wp-json\/wp\/v2\/tags?post=24520"}],"curies":[{"name":"wp","href":"https:\/\/api.w.org\/{rel}","templated":true}]}}