{"id":24455,"date":"2021-09-13T11:18:56","date_gmt":"2021-09-13T16:18:56","guid":{"rendered":"https:\/\/nvnoticias.mx\/?p=24455"},"modified":"2021-09-13T11:18:58","modified_gmt":"2021-09-13T16:18:58","slug":"presidente-dara-grito-de-independencia-sin-publico","status":"publish","type":"post","link":"https:\/\/nvnoticias.mx\/index.php\/2021\/09\/13\/presidente-dara-grito-de-independencia-sin-publico\/","title":{"rendered":"Presidente dar\u00e1 Grito de Independencia sin p\u00fablico"},"content":{"rendered":"\n<p>Por segunda ocasi\u00f3n, el tradicional Grito de Independencia se desarrollar\u00e1 sin verbena popular en la plaza de la constituci\u00f3n, adelant\u00f3 el presidente de Andr\u00e9s Manuel L\u00f3pez Obrador.<\/p>\n\n\n\n<p>De manera muy breve y sin proporcionar mayores detalles de lo que se ver\u00e1 la noche del 15 de septiembre, el mandatario asegur\u00f3 que todos los mexicanos podr\u00e1n disfrutar del programa desde sus casas.<\/p>\n\n\n\n<blockquote class=\"wp-block-quote is-layout-flow wp-block-quote-is-layout-flow\"><p>&#8220;Estamos viendo c\u00f3mo lo vamos a conmemorar, c\u00f3mo se va a celebrar ese d\u00eda, les aseguro de que en sus casas la mayor\u00eda de los mexicanos va a poder participar, va a poder advertir todo lo que se va hacer, el programa todo completo, eso es lo que estamos viendo, que no podemos hacer una manifestaci\u00f3n abierta, estamos viendo qui\u00e9nes podr\u00edan estar&#8221;, coment\u00f3 en la conferencia matutina.<\/p><\/blockquote>\n\n\n\n<p>L\u00f3pez Obrador apunt\u00f3 que la r\u00e9plica de la pir\u00e1mide que se ubica en la plancha del z\u00f3calo con motivo de la fundaci\u00f3n de M\u00e9xico-Tenochtitl\u00e1n permanecer\u00e1 ah\u00ed para formar parte de la ceremonia patria.<\/p>\n\n\n\n<blockquote class=\"wp-block-quote is-layout-flow wp-block-quote-is-layout-flow\"><p>&#8220;Por eso se va a dejar la r\u00e9plica de la pir\u00e1mide, pero lo vamos a complementar con el movimiento de independencia para homenajear a Hidalgo, Morelos, Allende, Josef Ortiz de Dom\u00ednguez, Leona Vicario y m\u00fasica mexicana para los que viven en nuestro pa\u00eds y para nuestros paisanos que viven en Estados Unidos y otros pa\u00edses&#8221;, indic\u00f3.<\/p><\/blockquote>\n","protected":false},"excerpt":{"rendered":"<p>Por segunda ocasi\u00f3n, el tradicional Grito de Independencia se desarrollar\u00e1 sin verbena popular en la plaza de la constituci\u00f3n, adelant\u00f3 el presidente de Andr\u00e9s Manuel L\u00f3pez Obrador. De manera muy breve y sin proporcionar mayores detalles de lo que se ver\u00e1 la noche del 15 de septiembre, el mandatario asegur\u00f3 que todos los mexicanos podr\u00e1n [&hellip;]<\/p>\n","protected":false},"author":6,"featured_media":24457,"comment_status":"open","ping_status":"open","sticky":false,"template":"","format":"standard","meta":{"_monsterinsights_skip_tracking":false,"_monsterinsights_sitenote_active":false,"_monsterinsights_sitenote_note":"","_monsterinsights_sitenote_category":0,"footnotes":""},"categories":[157],"tags":[175,5848,162],"class_list":["post-24455","post","type-post","status-publish","format-standard","has-post-thumbnail","hentry","category-nacional","tag-covid-19","tag-grito-de-independencia","tag-portada","wp-image-borders"],"amp_enabled":true,"_links":{"self":[{"href":"https:\/\/nvnoticias.mx\/index.php\/wp-json\/wp\/v2\/posts\/24455","targetHints":{"allow":["GET"]}}],"collection":[{"href":"https:\/\/nvnoticias.mx\/index.php\/wp-json\/wp\/v2\/posts"}],"about":[{"href":"https:\/\/nvnoticias.mx\/index.php\/wp-json\/wp\/v2\/types\/post"}],"author":[{"embeddable":true,"href":"https:\/\/nvnoticias.mx\/index.php\/wp-json\/wp\/v2\/users\/6"}],"replies":[{"embeddable":true,"href":"https:\/\/nvnoticias.mx\/index.php\/wp-json\/wp\/v2\/comments?post=24455"}],"version-history":[{"count":1,"href":"https:\/\/nvnoticias.mx\/index.php\/wp-json\/wp\/v2\/posts\/24455\/revisions"}],"predecessor-version":[{"id":24456,"href":"https:\/\/nvnoticias.mx\/index.php\/wp-json\/wp\/v2\/posts\/24455\/revisions\/24456"}],"wp:featuredmedia":[{"embeddable":true,"href":"https:\/\/nvnoticias.mx\/index.php\/wp-json\/wp\/v2\/media\/24457"}],"wp:attachment":[{"href":"https:\/\/nvnoticias.mx\/index.php\/wp-json\/wp\/v2\/media?parent=24455"}],"wp:term":[{"taxonomy":"category","embeddable":true,"href":"https:\/\/nvnoticias.mx\/index.php\/wp-json\/wp\/v2\/categories?post=24455"},{"taxonomy":"post_tag","embeddable":true,"href":"https:\/\/nvnoticias.mx\/index.php\/wp-json\/wp\/v2\/tags?post=24455"}],"curies":[{"name":"wp","href":"https:\/\/api.w.org\/{rel}","templated":true}]}}