{"id":24412,"date":"2021-09-12T11:03:26","date_gmt":"2021-09-12T16:03:26","guid":{"rendered":"https:\/\/nvnoticias.mx\/?p=24412"},"modified":"2021-09-12T11:03:28","modified_gmt":"2021-09-12T16:03:28","slug":"robo-a-transporte-publico-amerite-prision-preventiva-oficiosa","status":"publish","type":"post","link":"https:\/\/nvnoticias.mx\/index.php\/2021\/09\/12\/robo-a-transporte-publico-amerite-prision-preventiva-oficiosa\/","title":{"rendered":"Propone PAN que robo a transporte p\u00fablico amerite prisi\u00f3n preventiva oficiosa"},"content":{"rendered":"\n<p>El Partido Acci\u00f3n Nacional (PAN) impuls\u00f3 una iniciativa para incluir el robo al transporte p\u00fablico dentro del cat\u00e1logo de delitos que ameritan prisi\u00f3n preventiva oficiosa y fijar sanciones de hasta quince a\u00f1os de prisi\u00f3n, para quien cometa dicho il\u00edcito. <\/p>\n\n\n\n<p>Mediante la reforma el art\u00edculo 167 fracci\u00f3n XVII del C\u00f3digo Nacional de Procedimientos Penales, el diputado panista, Jos\u00e9 Antonio Garc\u00eda Garc\u00eda, prev\u00e9 considerar como delito que amerita prisi\u00f3n preventiva oficiosa, el robo de transporte p\u00fablico. <\/p>\n\n\n\n<p>Adem\u00e1s, se propone modificar el art\u00edculo 381 del C\u00f3digo Penal Federal, para que en los casos cuando se cometa el robo estando la v\u00edctima en un veh\u00edculo particular o de transporte p\u00fablico, se aplique al delincuente de ocho a quince a\u00f1os de prisi\u00f3n. <\/p>\n\n\n\n<blockquote class=\"wp-block-quote is-layout-flow wp-block-quote-is-layout-flow\"><p>\u201cEl transporte p\u00fablico se ha convertido en una de las necesidades m\u00e1s b\u00e1sicas para los ciudadanos, ya que, a trav\u00e9s de \u00e9l, la gran mayor\u00eda de personas de cualquier condici\u00f3n tiene la oportunidad de trasladarse a sus centros laborales, educativos o del \u00e1mbito social. De esta manera, se vuelve un servicio indispensable para la movilidad urbana, as\u00ed como para la vida social y econ\u00f3mica del pa\u00eds\u201d.<\/p><\/blockquote>\n\n\n\n<blockquote class=\"wp-block-quote is-layout-flow wp-block-quote-is-layout-flow\"><p> \u201cActualmente es uno de los servicios m\u00e1s inseguros, pues los robos perpetuados en dicho transporte, representan una gran problem\u00e1tica para quienes usan este servicio\u201d, se\u00f1ala el documento publicado en la Gaceta Parlamentaria. <\/p><\/blockquote>\n\n\n\n<p>Se\u00f1al\u00f3 que en los \u00faltimos meses, ha sido m\u00e1s com\u00fan y frecuente ver videos compartidos en las diferentes plataformas sociales donde los delincuentes, con lujo de violencia, despojan de sus pertenencias a los usuarios de dicho transporte, sin importar si son mujeres o personas de la tercera edad, y que de resistirse al asalto no solo pierden sus pertenencias, sino incluso hasta su vida. <\/p>\n\n\n\n<p>Incluso de acuerdo con datos del Secretariado Ejecutivo del Sistema Nacional de Seguridad P\u00fablica, en los \u00faltimos 3 a\u00f1os, a nivel nacional, de julio de 2018 a julio del presente a\u00f1o, se registraron 55 mil 384 robos a bordo del transporte p\u00fablico. <\/p>\n\n\n\n<p>En los que el Estado de M\u00e9xico, Ciudad de M\u00e9xico, Jalisco, Quer\u00e9taro y Puebla son los cinco estados a nivel nacional donde suceden el mayor de n\u00famero de robos en el transporte p\u00fablico, concentrando estas entidades cerca del 90 por ciento de todos los robos a nivel nacional. <\/p>\n\n\n\n<p>Fuente: <a href=\"https:\/\/www.milenio.com\/internacional\/proponen-robo-transporte-amerite-prision-preventiva-oficiosa\">Milenio<\/a><\/p>\n","protected":false},"excerpt":{"rendered":"<p>El Partido Acci\u00f3n Nacional (PAN) impuls\u00f3 una iniciativa para incluir el robo al transporte p\u00fablico dentro del cat\u00e1logo de delitos que ameritan prisi\u00f3n preventiva oficiosa y fijar sanciones de hasta quince a\u00f1os de prisi\u00f3n, para quien cometa dicho il\u00edcito. Mediante la reforma el art\u00edculo 167 fracci\u00f3n XVII del C\u00f3digo Nacional de Procedimientos Penales, el diputado [&hellip;]<\/p>\n","protected":false},"author":6,"featured_media":12190,"comment_status":"open","ping_status":"open","sticky":false,"template":"","format":"standard","meta":{"_monsterinsights_skip_tracking":false,"_monsterinsights_sitenote_active":false,"_monsterinsights_sitenote_note":"","_monsterinsights_sitenote_category":0,"footnotes":""},"categories":[158],"tags":[284],"class_list":["post-24412","post","type-post","status-publish","format-standard","has-post-thumbnail","hentry","category-politica","tag-pan","wp-image-borders"],"amp_enabled":true,"_links":{"self":[{"href":"https:\/\/nvnoticias.mx\/index.php\/wp-json\/wp\/v2\/posts\/24412","targetHints":{"allow":["GET"]}}],"collection":[{"href":"https:\/\/nvnoticias.mx\/index.php\/wp-json\/wp\/v2\/posts"}],"about":[{"href":"https:\/\/nvnoticias.mx\/index.php\/wp-json\/wp\/v2\/types\/post"}],"author":[{"embeddable":true,"href":"https:\/\/nvnoticias.mx\/index.php\/wp-json\/wp\/v2\/users\/6"}],"replies":[{"embeddable":true,"href":"https:\/\/nvnoticias.mx\/index.php\/wp-json\/wp\/v2\/comments?post=24412"}],"version-history":[{"count":1,"href":"https:\/\/nvnoticias.mx\/index.php\/wp-json\/wp\/v2\/posts\/24412\/revisions"}],"predecessor-version":[{"id":24413,"href":"https:\/\/nvnoticias.mx\/index.php\/wp-json\/wp\/v2\/posts\/24412\/revisions\/24413"}],"wp:featuredmedia":[{"embeddable":true,"href":"https:\/\/nvnoticias.mx\/index.php\/wp-json\/wp\/v2\/media\/12190"}],"wp:attachment":[{"href":"https:\/\/nvnoticias.mx\/index.php\/wp-json\/wp\/v2\/media?parent=24412"}],"wp:term":[{"taxonomy":"category","embeddable":true,"href":"https:\/\/nvnoticias.mx\/index.php\/wp-json\/wp\/v2\/categories?post=24412"},{"taxonomy":"post_tag","embeddable":true,"href":"https:\/\/nvnoticias.mx\/index.php\/wp-json\/wp\/v2\/tags?post=24412"}],"curies":[{"name":"wp","href":"https:\/\/api.w.org\/{rel}","templated":true}]}}