{"id":24348,"date":"2021-09-11T12:09:19","date_gmt":"2021-09-11T17:09:19","guid":{"rendered":"https:\/\/nvnoticias.mx\/?p=24348"},"modified":"2021-09-11T12:09:21","modified_gmt":"2021-09-11T17:09:21","slug":"advierte-congreso-que-no-reinstalara-a-magistrados-hasta-que-corte-se-lo-pida","status":"publish","type":"post","link":"https:\/\/nvnoticias.mx\/index.php\/2021\/09\/11\/advierte-congreso-que-no-reinstalara-a-magistrados-hasta-que-corte-se-lo-pida\/","title":{"rendered":"Advierte Congreso que no reinstalar\u00e1 a magistrados hasta que Corte se lo pida"},"content":{"rendered":"\n<p><strong>Sam Ojeda\u00a0| NV Noticias <\/strong><\/p>\n\n\n\n<p>Xalapa.-\u00a0No habr\u00e1 reinstalaci\u00f3n de los magistrados con amparos en contra de la remoci\u00f3n dictada por el Congreso del estado hasta que la Suprema Corte de Justicia de la Naci\u00f3n (SCJN) emita su resoluci\u00f3n. <\/p>\n\n\n\n<p>Esto fue se\u00f1alado por la presidenta de la Mesa Directiva del Congreso de Veracruz, Adriana Linares Capitanachi, ya que dijo deben respetar el pronunciamiento de la Corte sobre este tema.\u00a0<\/p>\n\n\n\n<blockquote class=\"wp-block-quote is-layout-flow wp-block-quote-is-layout-flow\"><p> \u201cEs un proceso en el que muchas veces se leen encabezados pero no se estudia el trasfondo de lo que es jur\u00eddicamente pertinente hacer. Tenemos que respetar esos tiempos, (los magistrados) se fueron a otras instancias y nosotros estamos esperando a que la Suprema Corte d\u00e9 su resoluci\u00f3n y se tendr\u00e1 que acatar lo que con derecho corresponda\u201d.\u00a0 <\/p><\/blockquote>\n\n\n\n<p>Hay que recordar que el juez d\u00e9cimo octavo de distrito en Veracruz determin\u00f3 denunciar ante la Fiscal\u00eda General de la Rep\u00fablica (FGR) a los diputados locales debido a que no han resarcido el retiro forzoso que le aplicaron al ex magistrado Marco Antonio Lezama Moo, a pesar de contar con un amparo. \u00a0 <\/p>\n\n\n\n<p>La diputada insisti\u00f3 en que esperar\u00e1n a que la Suprema Corte de Justicia de la Naci\u00f3n (SCJN) para determinar lo procedente, por lo que debido al tiempo que le resta a la actual Legislatura es posible que le toque a la siguiente. \u00a0<\/p>\n\n\n\n<p> En otro tema, sobre la falta de discusi\u00f3n en torno al matrimonio igualitario,\u00a0 Linares Capitanachi indic\u00f3 que no se han podido poner de acuerdo y que por ello no se ha discutido.\u00a0 <\/p>\n\n\n\n<blockquote class=\"wp-block-quote is-layout-flow wp-block-quote-is-layout-flow\"><p>\u201cSi no nos podemos poner de acuerdo a la hora de subir un tema tan delicado como el matrimonio igualitario no se puede tomar la decisi\u00f3n por una sola persona. Hasta ahorita no se ha tocado esa sesi\u00f3n en la que podamos trabajarlo, pero a\u00fan no acaba la Legislatura, entonces el tema est\u00e1 pendiente\u201d. \u00a0 \u00a0<\/p><\/blockquote>\n","protected":false},"excerpt":{"rendered":"<p>Sam Ojeda\u00a0| NV Noticias Xalapa.-\u00a0No habr\u00e1 reinstalaci\u00f3n de los magistrados con amparos en contra de la remoci\u00f3n dictada por el Congreso del estado hasta que la Suprema Corte de Justicia de la Naci\u00f3n (SCJN) emita su resoluci\u00f3n. Esto fue se\u00f1alado por la presidenta de la Mesa Directiva del Congreso de Veracruz, Adriana Linares Capitanachi, ya [&hellip;]<\/p>\n","protected":false},"author":35,"featured_media":2822,"comment_status":"open","ping_status":"open","sticky":false,"template":"","format":"standard","meta":{"_monsterinsights_skip_tracking":false,"_monsterinsights_sitenote_active":false,"_monsterinsights_sitenote_note":"","_monsterinsights_sitenote_category":0,"footnotes":""},"categories":[156],"tags":[570,226,3194],"class_list":["post-24348","post","type-post","status-publish","format-standard","has-post-thumbnail","hentry","category-estado","tag-congreso-del-estado-de-veracruz","tag-fgr","tag-scjn","wp-image-borders"],"amp_enabled":true,"_links":{"self":[{"href":"https:\/\/nvnoticias.mx\/index.php\/wp-json\/wp\/v2\/posts\/24348","targetHints":{"allow":["GET"]}}],"collection":[{"href":"https:\/\/nvnoticias.mx\/index.php\/wp-json\/wp\/v2\/posts"}],"about":[{"href":"https:\/\/nvnoticias.mx\/index.php\/wp-json\/wp\/v2\/types\/post"}],"author":[{"embeddable":true,"href":"https:\/\/nvnoticias.mx\/index.php\/wp-json\/wp\/v2\/users\/35"}],"replies":[{"embeddable":true,"href":"https:\/\/nvnoticias.mx\/index.php\/wp-json\/wp\/v2\/comments?post=24348"}],"version-history":[{"count":2,"href":"https:\/\/nvnoticias.mx\/index.php\/wp-json\/wp\/v2\/posts\/24348\/revisions"}],"predecessor-version":[{"id":24350,"href":"https:\/\/nvnoticias.mx\/index.php\/wp-json\/wp\/v2\/posts\/24348\/revisions\/24350"}],"wp:featuredmedia":[{"embeddable":true,"href":"https:\/\/nvnoticias.mx\/index.php\/wp-json\/wp\/v2\/media\/2822"}],"wp:attachment":[{"href":"https:\/\/nvnoticias.mx\/index.php\/wp-json\/wp\/v2\/media?parent=24348"}],"wp:term":[{"taxonomy":"category","embeddable":true,"href":"https:\/\/nvnoticias.mx\/index.php\/wp-json\/wp\/v2\/categories?post=24348"},{"taxonomy":"post_tag","embeddable":true,"href":"https:\/\/nvnoticias.mx\/index.php\/wp-json\/wp\/v2\/tags?post=24348"}],"curies":[{"name":"wp","href":"https:\/\/api.w.org\/{rel}","templated":true}]}}