{"id":24273,"date":"2021-09-10T15:27:18","date_gmt":"2021-09-10T20:27:18","guid":{"rendered":"https:\/\/nvnoticias.mx\/?p=24273"},"modified":"2021-09-10T15:27:20","modified_gmt":"2021-09-10T20:27:20","slug":"recuerda-selena-gomez-incomodo-momento-en-met-gala","status":"publish","type":"post","link":"https:\/\/nvnoticias.mx\/index.php\/2021\/09\/10\/recuerda-selena-gomez-incomodo-momento-en-met-gala\/","title":{"rendered":"Recuerda Selena Gomez inc\u00f3modo momento en Met Gala"},"content":{"rendered":"\n<p>\u00a0Selena G\u00f3mez\u00a0le ha regalado a sus seguidores muchos momentos glamurosos en las alfombras rojas, pero tambi\u00e9n se le ha escapado alg\u00fan error. Recientemente, la joven cantante fue una de las invitadas para la secci\u00f3n de Vogue Beauty Secrets para la cual grab\u00f3 un video en el que\u00a0comparti\u00f3 alguno de sus consejos de belleza mientras se hac\u00eda un maquillaje para una salida de noche casual con sus amigos. <\/p>\n\n\n\n<p>Mientras mostraba a los espectadores c\u00f3mo se aplicaba el bronzer, Selena quiso compartir una graciosa an\u00e9cdota sobre su experiencia en la\u00a0Met Gala\u00a0del 2018. Record\u00f3 que al terminar su maquillaje ella y su equipo qusieron a\u00f1adir algo de color y optaron por ponerle a Selena una loci\u00f3n bronceadora sobre el rostro.<\/p>\n\n\n\n<p>Seg\u00fan afirm\u00f3 la cantante, el tono se ve\u00eda muy bien y tenue al momento de aplicarlo, pero conforme pasaba el tiempo la f\u00f3rmula se pon\u00eda cada vez m\u00e1s oscura.\u00a0Ella no lo not\u00f3 y camin\u00f3 as\u00ed por la pasarela del Museo.<\/p>\n\n\n\n<p>El la c\u00e1psula comparti\u00f3 algunos de sus secretos para lucir bien,\u00a0como aplicarse parches para los ojos con el fin de evitar las ojeras o lo hinchado al levantarse por las ma\u00f1anas. Tambi\u00e9n revel\u00f3 que\u00a0la parte m\u00e1s importante de su rutina es hacer ejercicio\u00a0ya que esto la ayuda mental y f\u00edsicamente.<\/p>\n\n\n\n<blockquote class=\"wp-block-quote is-layout-flow wp-block-quote-is-layout-flow\"><p>&#8220;Y yo estaba en el Met Gala, b\u00e1sicamente uno de los eventos m\u00e1s prestigiosos y hermosos. Y yo estaba caminando, tratando de verme totalmente hermosa. Y vi una foto m\u00eda justo cuando me sent\u00e9 y estaba completamente anaranjada&#8221;, dijo la cantante entre risas.\u00a0<\/p><\/blockquote>\n\n\n\n<p>Asegura que en ese momento se sinti\u00f3 muy consternada por el error de maquillaje y pens\u00f3 que el p\u00fablico se la comer\u00eda viva con las burlas. M\u00e1s tarde\u00a0en el evento, hizo que su equipo de seguridad le tomara un video corriendo fuera del lugar hacia su auto, ya que su primera reacci\u00f3n al ver su maquillaje fue huir lo antes posible.\u00a0<\/p>\n\n\n\n<p><em>&#8220;Esta es mi reacci\u00f3n despu\u00e9s de ver mis fotos de la Met Gala&#8221;<\/em>, escribi\u00f3 en el video que despu\u00e9s public\u00f3 en Twitter.\u00a0<\/p>\n\n\n\n<p>Fuente: El imparcial <\/p>\n","protected":false},"excerpt":{"rendered":"<p>\u00a0Selena G\u00f3mez\u00a0le ha regalado a sus seguidores muchos momentos glamurosos en las alfombras rojas, pero tambi\u00e9n se le ha escapado alg\u00fan error. Recientemente, la joven cantante fue una de las invitadas para la secci\u00f3n de Vogue Beauty Secrets para la cual grab\u00f3 un video en el que\u00a0comparti\u00f3 alguno de sus consejos de belleza mientras se [&hellip;]<\/p>\n","protected":false},"author":35,"featured_media":24275,"comment_status":"open","ping_status":"open","sticky":false,"template":"","format":"standard","meta":{"_monsterinsights_skip_tracking":false,"_monsterinsights_sitenote_active":false,"_monsterinsights_sitenote_note":"","_monsterinsights_sitenote_category":0,"footnotes":""},"categories":[576],"tags":[6057,126],"class_list":["post-24273","post","type-post","status-publish","format-standard","has-post-thumbnail","hentry","category-ocio","tag-met-gala","tag-selena-gomez","wp-image-borders"],"amp_enabled":true,"_links":{"self":[{"href":"https:\/\/nvnoticias.mx\/index.php\/wp-json\/wp\/v2\/posts\/24273","targetHints":{"allow":["GET"]}}],"collection":[{"href":"https:\/\/nvnoticias.mx\/index.php\/wp-json\/wp\/v2\/posts"}],"about":[{"href":"https:\/\/nvnoticias.mx\/index.php\/wp-json\/wp\/v2\/types\/post"}],"author":[{"embeddable":true,"href":"https:\/\/nvnoticias.mx\/index.php\/wp-json\/wp\/v2\/users\/35"}],"replies":[{"embeddable":true,"href":"https:\/\/nvnoticias.mx\/index.php\/wp-json\/wp\/v2\/comments?post=24273"}],"version-history":[{"count":1,"href":"https:\/\/nvnoticias.mx\/index.php\/wp-json\/wp\/v2\/posts\/24273\/revisions"}],"predecessor-version":[{"id":24274,"href":"https:\/\/nvnoticias.mx\/index.php\/wp-json\/wp\/v2\/posts\/24273\/revisions\/24274"}],"wp:featuredmedia":[{"embeddable":true,"href":"https:\/\/nvnoticias.mx\/index.php\/wp-json\/wp\/v2\/media\/24275"}],"wp:attachment":[{"href":"https:\/\/nvnoticias.mx\/index.php\/wp-json\/wp\/v2\/media?parent=24273"}],"wp:term":[{"taxonomy":"category","embeddable":true,"href":"https:\/\/nvnoticias.mx\/index.php\/wp-json\/wp\/v2\/categories?post=24273"},{"taxonomy":"post_tag","embeddable":true,"href":"https:\/\/nvnoticias.mx\/index.php\/wp-json\/wp\/v2\/tags?post=24273"}],"curies":[{"name":"wp","href":"https:\/\/api.w.org\/{rel}","templated":true}]}}