{"id":24266,"date":"2021-09-10T15:01:27","date_gmt":"2021-09-10T20:01:27","guid":{"rendered":"https:\/\/nvnoticias.mx\/?p=24266"},"modified":"2021-09-10T15:01:28","modified_gmt":"2021-09-10T20:01:28","slug":"presentan-el-ultimo-duelo-matt-damon-y-ben-affleck-en-festival-de-venecia","status":"publish","type":"post","link":"https:\/\/nvnoticias.mx\/index.php\/2021\/09\/10\/presentan-el-ultimo-duelo-matt-damon-y-ben-affleck-en-festival-de-venecia\/","title":{"rendered":"Presentan &#8220;El \u00faltimo duelo&#8221; Matt Damon y Ben Affleck en Festival de Venecia"},"content":{"rendered":"\n<p>Situada en la \u00e9poca del&nbsp;Rey Carlos VI,&nbsp;&#8220;El \u00faltimo duelo&#8221; es la nueva cinta de&nbsp;Ridley Scott&nbsp;interpretada por&nbsp;Matt Damon, Adam Driver,&nbsp;Ben Affleck&nbsp;y&nbsp;Jodie Comer&nbsp;que explora la historia del duelo entre los caballeros Jean de Carrouges y Jacques LeGris. Inspirada en la novela de Eric Jager, la historia est\u00e1 basada en un hecho real.<\/p>\n\n\n\n<p>A la rueda de prensa&nbsp;oficial de Venecia&nbsp;acudieron todos los protagonistas menos Adam Driver y como dato interesante est\u00e1 el que Damon y Affleck escribieron junto con la guionista, Nicole Holfcener, esta adaptaci\u00f3n de la novela. Por si fuera poco, este tr\u00edo creativo, m\u00e1s el propio Ridley Scott, fueron productores de la mega producci\u00f3n haci\u00e9ndola pese a su gran escala, una pel\u00edcula autoral y libre. <\/p>\n\n\n\n<p>El inter\u00e9s por hacerla surgi\u00f3 cuando Matt quiso adquirir los derechos del libro desde hace m\u00e1s de una d\u00e9cada, pero no tuvo \u00e9xito pues ya estaban comprados por alguien m\u00e1s. Y tras mucho tiempo de estar tras ellos, en cuanto fueron liberados, Matt y Affleck decidieron unirse para producir la adaptaci\u00f3n y de inmediato llamaron a Ridley Scott, pues seg\u00fan cont\u00f3 Damon, \u201cBen y yo no pudimos pensar en un director mejor que \u00e9l para realizarla\u201d.<\/p>\n\n\n\n<p>Ver a Damon y Ben interactuar en el p\u00f3dium hace f\u00e1cil imaginar las discusiones en la mesa de trabajo. Matt escucha con paciencia y aporta ideas interesantes que emocionan a Ben y lo hacen empezar a hablar sin parar. Tal y como ocurri\u00f3 en la rueda de prensa en la que el sentido del humor tampoco falt\u00f3 como el momento en el que Matt explic\u00f3 c\u00f3mo cambi\u00f3 la forma de trabajar juntos desde que escribieron &#8220;Good Will Hunting&#8221; hasta ahora y le sorprendi\u00f3 lo eficaces y r\u00e1pidos que fueron esta vez en comparaci\u00f3n con la experiencia de la cinta que los catapult\u00f3 a la fama. <\/p>\n\n\n\n<blockquote class=\"wp-block-quote is-layout-flow wp-block-quote-is-layout-flow\"><p>\u201c\u00c9ramos muy ineficientes. Escribimos cientos y cientos de p\u00e1ginas que luego no nos sirvieron para nada. Sab\u00edamos muy bien qu\u00e9 quer\u00edamos de nuestros personajes, pero no ten\u00edamos ni idea de la estructura. Y nos pasamos meses escribiendo situaciones distintas en las que ponerlos para ver c\u00f3mo reaccionaban. Fueron muchas horas perdidas. As\u00ed que me sorprendi\u00f3 mucho lo f\u00e1cil que fue todo en esta ocasi\u00f3n\u201d, dijo Matt. <\/p><\/blockquote>\n\n\n\n<p>Seguido por un bromista Ben Affleck que asegur\u00f3 que el \u00fanico que no estaba preparado era Damon porque \u00e9l estaba s\u00faper listo y sab\u00eda perfecto qu\u00e9 hacer gracias a su vasta experiencia, provocando las risas de las audiencias.<\/p>\n\n\n\n<p>Para la guionista, formar parte de la escritura de esta historia fue muy importante porque a ella le toc\u00f3 enfocarse en la historia de Marguerite de Carrouges, la&nbsp;protagonista femenina.&nbsp;Un papel que suscita a la reflexi\u00f3n por lo que implica su eco en el&nbsp;empoderamiento femenino&nbsp;en una \u00e9poca en la que las mujeres eran tratadas como propiedades y que a\u00fan resuena en muchas sociedades del globo terr\u00e1queo.<\/p>\n\n\n\n<p>Fuente: El universal<\/p>\n","protected":false},"excerpt":{"rendered":"<p>Situada en la \u00e9poca del&nbsp;Rey Carlos VI,&nbsp;&#8220;El \u00faltimo duelo&#8221; es la nueva cinta de&nbsp;Ridley Scott&nbsp;interpretada por&nbsp;Matt Damon, Adam Driver,&nbsp;Ben Affleck&nbsp;y&nbsp;Jodie Comer&nbsp;que explora la historia del duelo entre los caballeros Jean de Carrouges y Jacques LeGris. Inspirada en la novela de Eric Jager, la historia est\u00e1 basada en un hecho real. A la rueda de prensa&nbsp;oficial [&hellip;]<\/p>\n","protected":false},"author":35,"featured_media":24271,"comment_status":"open","ping_status":"open","sticky":false,"template":"","format":"standard","meta":{"_monsterinsights_skip_tracking":false,"_monsterinsights_sitenote_active":false,"_monsterinsights_sitenote_note":"","_monsterinsights_sitenote_category":0,"footnotes":""},"categories":[576],"tags":[3599,6056,5979,6055],"class_list":["post-24266","post","type-post","status-publish","format-standard","has-post-thumbnail","hentry","category-ocio","tag-ben-affleck","tag-el-ultimo-duelo","tag-festival-de-venecia","tag-matt-damon","wp-image-borders"],"amp_enabled":true,"_links":{"self":[{"href":"https:\/\/nvnoticias.mx\/index.php\/wp-json\/wp\/v2\/posts\/24266","targetHints":{"allow":["GET"]}}],"collection":[{"href":"https:\/\/nvnoticias.mx\/index.php\/wp-json\/wp\/v2\/posts"}],"about":[{"href":"https:\/\/nvnoticias.mx\/index.php\/wp-json\/wp\/v2\/types\/post"}],"author":[{"embeddable":true,"href":"https:\/\/nvnoticias.mx\/index.php\/wp-json\/wp\/v2\/users\/35"}],"replies":[{"embeddable":true,"href":"https:\/\/nvnoticias.mx\/index.php\/wp-json\/wp\/v2\/comments?post=24266"}],"version-history":[{"count":5,"href":"https:\/\/nvnoticias.mx\/index.php\/wp-json\/wp\/v2\/posts\/24266\/revisions"}],"predecessor-version":[{"id":24272,"href":"https:\/\/nvnoticias.mx\/index.php\/wp-json\/wp\/v2\/posts\/24266\/revisions\/24272"}],"wp:featuredmedia":[{"embeddable":true,"href":"https:\/\/nvnoticias.mx\/index.php\/wp-json\/wp\/v2\/media\/24271"}],"wp:attachment":[{"href":"https:\/\/nvnoticias.mx\/index.php\/wp-json\/wp\/v2\/media?parent=24266"}],"wp:term":[{"taxonomy":"category","embeddable":true,"href":"https:\/\/nvnoticias.mx\/index.php\/wp-json\/wp\/v2\/categories?post=24266"},{"taxonomy":"post_tag","embeddable":true,"href":"https:\/\/nvnoticias.mx\/index.php\/wp-json\/wp\/v2\/tags?post=24266"}],"curies":[{"name":"wp","href":"https:\/\/api.w.org\/{rel}","templated":true}]}}