{"id":24006,"date":"2021-09-08T14:45:15","date_gmt":"2021-09-08T19:45:15","guid":{"rendered":"https:\/\/nvnoticias.mx\/?p=24006"},"modified":"2021-09-08T14:45:16","modified_gmt":"2021-09-08T19:45:16","slug":"advierten-por-banda-delictiva-dedicada-al-saqueo-de-escuelas-en-veracruz","status":"publish","type":"post","link":"https:\/\/nvnoticias.mx\/index.php\/2021\/09\/08\/advierten-por-banda-delictiva-dedicada-al-saqueo-de-escuelas-en-veracruz\/","title":{"rendered":"Advierten por banda delictiva dedicada al saqueo de escuelas en Veracruz"},"content":{"rendered":"\n<p><strong>Jes\u00fas Utrilla | NV Noticias<\/strong><\/p>\n\n\n\n<p>Veracruz \u2014. En la ciudad de Veracruz existe una banda delictiva dedicada al saqueo de escuelas, por lo que la directora de la escuela primaria Julio S. Montero, Zenaida Alicia Santiago, pidi\u00f3 la intervenci\u00f3n de las autoridades.<\/p>\n\n\n\n<p>Dijo que tan solo el plantel del que forma parte fue robado cinco veces este a\u00f1o y tres de los robos fueron cometidos recientemente. Actualmente la instituci\u00f3n carece de cableado el\u00e9ctrico, tuber\u00eda de cobre y computadoras. Por tal motivo no hay servicios por lo que llam\u00f3 a la Secretar\u00eda de Educaci\u00f3n de Veracruz a atender la situaci\u00f3n.<\/p>\n\n\n\n<blockquote class=\"wp-block-quote is-layout-flow wp-block-quote-is-layout-flow\"><p>\u201cEmpezaron con el jard\u00edn de ni\u00f1os que est\u00e1 aqu\u00ed en la esquina, lo desvalijaron y lo vandalizaron completamente, despu\u00e9s se pasaron con la escuela de junto que tambi\u00e9n se robaron cableado, tuber\u00edas, lavabos, todo se lo robaron. Aqu\u00ed han venido por partes, se llevan el cable, las tuber\u00edas\u201d.<\/p><\/blockquote>\n\n\n\n<p>El plantel educativo no volvi\u00f3 a clases presenciales debido a que no cuentan con electricidad adem\u00e1s que\u00a0 tambi\u00e9n se robaron la bomba de agua. Explic\u00f3 que entre\u00a0 junio y agosto se metieron una vez y ahorita van 3 d\u00edas consecutivos que se introducen a la escuela. Se robaron el cable y tambi\u00e9n la tuber\u00eda de cobre que acababa de instalar Espacios Educativos. La escuela se ubica en la calle Revillagigedo No. 2549.<\/p>\n\n\n\n<p><\/p>\n","protected":false},"excerpt":{"rendered":"<p>Jes\u00fas Utrilla | NV Noticias Veracruz \u2014. En la ciudad de Veracruz existe una banda delictiva dedicada al saqueo de escuelas, por lo que la directora de la escuela primaria Julio S. Montero, Zenaida Alicia Santiago, pidi\u00f3 la intervenci\u00f3n de las autoridades. Dijo que tan solo el plantel del que forma parte fue robado cinco [&hellip;]<\/p>\n","protected":false},"author":35,"featured_media":24009,"comment_status":"open","ping_status":"open","sticky":false,"template":"","format":"standard","meta":{"_monsterinsights_skip_tracking":false,"_monsterinsights_sitenote_active":false,"_monsterinsights_sitenote_note":"","_monsterinsights_sitenote_category":0,"footnotes":""},"categories":[154],"tags":[6019,6020,180],"class_list":["post-24006","post","type-post","status-publish","format-standard","has-post-thumbnail","hentry","category-veracruz","tag-julio-s-montero","tag-saqueos","tag-veracruz","wp-image-borders"],"amp_enabled":true,"_links":{"self":[{"href":"https:\/\/nvnoticias.mx\/index.php\/wp-json\/wp\/v2\/posts\/24006","targetHints":{"allow":["GET"]}}],"collection":[{"href":"https:\/\/nvnoticias.mx\/index.php\/wp-json\/wp\/v2\/posts"}],"about":[{"href":"https:\/\/nvnoticias.mx\/index.php\/wp-json\/wp\/v2\/types\/post"}],"author":[{"embeddable":true,"href":"https:\/\/nvnoticias.mx\/index.php\/wp-json\/wp\/v2\/users\/35"}],"replies":[{"embeddable":true,"href":"https:\/\/nvnoticias.mx\/index.php\/wp-json\/wp\/v2\/comments?post=24006"}],"version-history":[{"count":3,"href":"https:\/\/nvnoticias.mx\/index.php\/wp-json\/wp\/v2\/posts\/24006\/revisions"}],"predecessor-version":[{"id":24010,"href":"https:\/\/nvnoticias.mx\/index.php\/wp-json\/wp\/v2\/posts\/24006\/revisions\/24010"}],"wp:featuredmedia":[{"embeddable":true,"href":"https:\/\/nvnoticias.mx\/index.php\/wp-json\/wp\/v2\/media\/24009"}],"wp:attachment":[{"href":"https:\/\/nvnoticias.mx\/index.php\/wp-json\/wp\/v2\/media?parent=24006"}],"wp:term":[{"taxonomy":"category","embeddable":true,"href":"https:\/\/nvnoticias.mx\/index.php\/wp-json\/wp\/v2\/categories?post=24006"},{"taxonomy":"post_tag","embeddable":true,"href":"https:\/\/nvnoticias.mx\/index.php\/wp-json\/wp\/v2\/tags?post=24006"}],"curies":[{"name":"wp","href":"https:\/\/api.w.org\/{rel}","templated":true}]}}