{"id":23995,"date":"2021-09-08T14:03:54","date_gmt":"2021-09-08T19:03:54","guid":{"rendered":"https:\/\/nvnoticias.mx\/?p=23995"},"modified":"2021-09-08T14:22:04","modified_gmt":"2021-09-08T19:22:04","slug":"entrega-hacienda-paquete-economico-2022-a-diputados","status":"publish","type":"post","link":"https:\/\/nvnoticias.mx\/index.php\/2021\/09\/08\/entrega-hacienda-paquete-economico-2022-a-diputados\/","title":{"rendered":"Entrega Hacienda paquete econ\u00f3mico 2022 a Diputados"},"content":{"rendered":"\n<p>El secretario de Hacienda y Cr\u00e9dito P\u00fablico&nbsp;(SHCP), Rogelio Ram\u00edrez de la O, entreg\u00f3 a la C\u00e1mara de Diputados el Paquete Econ\u00f3mico 2022, bajo estrictas medidas sanitarias debido a la pandemia del&nbsp;covid-19.&nbsp; <\/p>\n\n\n\n<blockquote class=\"wp-block-quote is-layout-flow wp-block-quote-is-layout-flow\"><p>\u201cEl a\u00f1o 2022 ser\u00e1 de recuperaci\u00f3n econ\u00f3mica y ser\u00e1 importante resolver retos asociados a la desigualdad causados por el impacto a la salud y econ\u00f3micos del covid-19\u201d, expres\u00f3. <\/p><\/blockquote>\n\n\n\n<p>Refiri\u00f3 que el paquete que entrega al Congreso de la Uni\u00f3n est\u00e1 constituido sobre tres pilares: primero, apoyos para el bienestar de la poblaci\u00f3n m\u00e1s vulnerable, el segundo la estabilidad y solidez de las finanzas p\u00fablicas, manteniendo la solvencia fiscal y el tercero, el apoyo a proyectos regionales de inversi\u00f3n de detonen desarrollo social y con impactos positivos en el bienestar social y el empleo. Refiri\u00f3 que el Paquete Econ\u00f3mico cuenta con un marco econ\u00f3mico \u201crealista y calibrado\u201d, por lo que para 2022 los ingresos totales se estiman en 6 mil 172 miles de millones de pesos, un aumento del&nbsp;7.5 por ciento en t\u00e9rminos reales, comparados con los aprobados el a\u00f1o pasado. <\/p>\n\n\n\n<blockquote class=\"wp-block-quote is-layout-flow wp-block-quote-is-layout-flow\"><p>\u201cNo se incrementan ni se crean nuevos impuestos, tal como ha sido la postura del Presidente de la Rep\u00fablica\u201d, dijo. <\/p><\/blockquote>\n\n\n\n<p>Adem\u00e1s, afirm\u00f3 que la atenci\u00f3n a la pandemia del covid-19 de M\u00e9xico tendr\u00e1 un presupuesto de 800 mil millones de pesos para adquisici\u00f3n de vacunas, entre otras acciones. <\/p>\n\n\n\n<p>Fuente: Milenio<\/p>\n","protected":false},"excerpt":{"rendered":"<p>El secretario de Hacienda y Cr\u00e9dito P\u00fablico&nbsp;(SHCP), Rogelio Ram\u00edrez de la O, entreg\u00f3 a la C\u00e1mara de Diputados el Paquete Econ\u00f3mico 2022, bajo estrictas medidas sanitarias debido a la pandemia del&nbsp;covid-19.&nbsp; \u201cEl a\u00f1o 2022 ser\u00e1 de recuperaci\u00f3n econ\u00f3mica y ser\u00e1 importante resolver retos asociados a la desigualdad causados por el impacto a la salud y [&hellip;]<\/p>\n","protected":false},"author":35,"featured_media":24004,"comment_status":"open","ping_status":"open","sticky":false,"template":"","format":"standard","meta":{"_monsterinsights_skip_tracking":false,"_monsterinsights_sitenote_active":false,"_monsterinsights_sitenote_note":"","_monsterinsights_sitenote_category":0,"footnotes":""},"categories":[158],"tags":[566,2698,6017,162],"class_list":["post-23995","post","type-post","status-publish","format-standard","has-post-thumbnail","hentry","category-politica","tag-diputados","tag-hacienda","tag-paquete-economico","tag-portada","wp-image-borders"],"amp_enabled":true,"_links":{"self":[{"href":"https:\/\/nvnoticias.mx\/index.php\/wp-json\/wp\/v2\/posts\/23995","targetHints":{"allow":["GET"]}}],"collection":[{"href":"https:\/\/nvnoticias.mx\/index.php\/wp-json\/wp\/v2\/posts"}],"about":[{"href":"https:\/\/nvnoticias.mx\/index.php\/wp-json\/wp\/v2\/types\/post"}],"author":[{"embeddable":true,"href":"https:\/\/nvnoticias.mx\/index.php\/wp-json\/wp\/v2\/users\/35"}],"replies":[{"embeddable":true,"href":"https:\/\/nvnoticias.mx\/index.php\/wp-json\/wp\/v2\/comments?post=23995"}],"version-history":[{"count":4,"href":"https:\/\/nvnoticias.mx\/index.php\/wp-json\/wp\/v2\/posts\/23995\/revisions"}],"predecessor-version":[{"id":24005,"href":"https:\/\/nvnoticias.mx\/index.php\/wp-json\/wp\/v2\/posts\/23995\/revisions\/24005"}],"wp:featuredmedia":[{"embeddable":true,"href":"https:\/\/nvnoticias.mx\/index.php\/wp-json\/wp\/v2\/media\/24004"}],"wp:attachment":[{"href":"https:\/\/nvnoticias.mx\/index.php\/wp-json\/wp\/v2\/media?parent=23995"}],"wp:term":[{"taxonomy":"category","embeddable":true,"href":"https:\/\/nvnoticias.mx\/index.php\/wp-json\/wp\/v2\/categories?post=23995"},{"taxonomy":"post_tag","embeddable":true,"href":"https:\/\/nvnoticias.mx\/index.php\/wp-json\/wp\/v2\/tags?post=23995"}],"curies":[{"name":"wp","href":"https:\/\/api.w.org\/{rel}","templated":true}]}}