{"id":2390,"date":"2021-01-25T14:47:24","date_gmt":"2021-01-25T20:47:24","guid":{"rendered":"https:\/\/nvnoticias.mx\/?p=2390"},"modified":"2021-01-25T14:47:25","modified_gmt":"2021-01-25T20:47:25","slug":"detencion-de-personas-en-las-choapas-fue-tras-un-enfrentamiento-gobernador","status":"publish","type":"post","link":"https:\/\/nvnoticias.mx\/index.php\/2021\/01\/25\/detencion-de-personas-en-las-choapas-fue-tras-un-enfrentamiento-gobernador\/","title":{"rendered":"Detenci\u00f3n de personas en Las Choapas fue tras un enfrentamiento: Gobernador"},"content":{"rendered":"\n<p><strong>Sam Ojeda \/ NV Noticias<\/strong><\/p>\n\n\n\n<p>Xalapa.- El gobernador de Veracruz, Cuitl\u00e1huac Garc\u00eda Jim\u00e9nez, confirm\u00f3 que la detenci\u00f3n de personas en Las Choapas fue el resultado de un enfrentamiento con cuerpos policiacos, luego de un operativo para dar con los presuntos responsables del multihomicidio de 12 personas ocurrido el pasado 17 de enero.<\/p>\n\n\n\n<p>Dijo que el enfrentamiento provoc\u00f3 dos polic\u00edas ministeriales que requirieron una intervenci\u00f3n quir\u00fargica y su estado de salud se reporta como grave, as\u00ed como un polic\u00eda con lesiones leves.<\/p>\n\n\n\n<blockquote class=\"wp-block-quote is-layout-flow wp-block-quote-is-layout-flow\"><p>\u201cEn ese operativo se tuvo un enfrentamiento, en donde hirieron de gravedad a dos ministeriales y a un pol\u00edcia levemente. El polic\u00eda no est\u00e1 en ning\u00fan nosocomio, ya fue atendido porque fue una lesi\u00f3n muy leve y los dos ministeriales est\u00e1n estables pero en una condici\u00f3n grave. Por ese motivo hubo m\u00e1s detenciones, al fragor de ese enfrentamiento y en flagrancia fueron detenidas m\u00e1s personas\u201d.<\/p><\/blockquote>\n\n\n\n<p>En otro tema, el gobernador dijo que tras la balacera registrada en la capital del estado se logr\u00f3 la legalizaci\u00f3n de la detenci\u00f3n de cuatro personas y record\u00f3 que tras el enfrentamiento se logr\u00f3 la liberaci\u00f3n de seis personas que hab\u00edan sido privadas de su libertad y eran mantenidas en una casa de seguridad, en donde adem\u00e1s se encontr\u00f3 a dos personas desmembradas.<\/p>\n\n\n\n<p>Cabe destacar que durante el enfrentamiento se report\u00f3 que cinco presuntos delincuentes fueron abatidos por las fuerzas del orden.<\/p>\n\n\n\n<blockquote class=\"wp-block-quote is-layout-flow wp-block-quote-is-layout-flow\"><p>\u201cSon este tipo de acciones inhumanas donde no solamente privan de la vida a una persona sino que tambi\u00e9n seccionan sus extremidades, pero la oportuna actuaci\u00f3n del operativo que encabez\u00f3 el Secretario e Seguridad p\u00fablica impidi\u00f3 que fueran m\u00e1s v\u00edctimas\u201d.<\/p><\/blockquote>\n","protected":false},"excerpt":{"rendered":"<p>Sam Ojeda \/ NV Noticias Xalapa.- El gobernador de Veracruz, Cuitl\u00e1huac Garc\u00eda Jim\u00e9nez, confirm\u00f3 que la detenci\u00f3n de personas en Las Choapas fue el resultado de un enfrentamiento con cuerpos policiacos, luego de un operativo para dar con los presuntos responsables del multihomicidio de 12 personas ocurrido el pasado 17 de enero. Dijo que el [&hellip;]<\/p>\n","protected":false},"author":6,"featured_media":2391,"comment_status":"open","ping_status":"open","sticky":false,"template":"","format":"standard","meta":{"_monsterinsights_skip_tracking":false,"_monsterinsights_sitenote_active":false,"_monsterinsights_sitenote_note":"","_monsterinsights_sitenote_category":0,"footnotes":""},"categories":[156],"tags":[729,289,730,180],"class_list":["post-2390","post","type-post","status-publish","format-standard","has-post-thumbnail","hentry","category-estado","tag-choapas","tag-cuitlahuac-garcia","tag-enfrentamiento","tag-veracruz","wp-image-borders"],"amp_enabled":true,"_links":{"self":[{"href":"https:\/\/nvnoticias.mx\/index.php\/wp-json\/wp\/v2\/posts\/2390","targetHints":{"allow":["GET"]}}],"collection":[{"href":"https:\/\/nvnoticias.mx\/index.php\/wp-json\/wp\/v2\/posts"}],"about":[{"href":"https:\/\/nvnoticias.mx\/index.php\/wp-json\/wp\/v2\/types\/post"}],"author":[{"embeddable":true,"href":"https:\/\/nvnoticias.mx\/index.php\/wp-json\/wp\/v2\/users\/6"}],"replies":[{"embeddable":true,"href":"https:\/\/nvnoticias.mx\/index.php\/wp-json\/wp\/v2\/comments?post=2390"}],"version-history":[{"count":1,"href":"https:\/\/nvnoticias.mx\/index.php\/wp-json\/wp\/v2\/posts\/2390\/revisions"}],"predecessor-version":[{"id":2392,"href":"https:\/\/nvnoticias.mx\/index.php\/wp-json\/wp\/v2\/posts\/2390\/revisions\/2392"}],"wp:featuredmedia":[{"embeddable":true,"href":"https:\/\/nvnoticias.mx\/index.php\/wp-json\/wp\/v2\/media\/2391"}],"wp:attachment":[{"href":"https:\/\/nvnoticias.mx\/index.php\/wp-json\/wp\/v2\/media?parent=2390"}],"wp:term":[{"taxonomy":"category","embeddable":true,"href":"https:\/\/nvnoticias.mx\/index.php\/wp-json\/wp\/v2\/categories?post=2390"},{"taxonomy":"post_tag","embeddable":true,"href":"https:\/\/nvnoticias.mx\/index.php\/wp-json\/wp\/v2\/tags?post=2390"}],"curies":[{"name":"wp","href":"https:\/\/api.w.org\/{rel}","templated":true}]}}