{"id":23885,"date":"2021-09-07T21:06:25","date_gmt":"2021-09-08T02:06:25","guid":{"rendered":"https:\/\/nvnoticias.mx\/?p=23885"},"modified":"2021-09-07T21:41:30","modified_gmt":"2021-09-08T02:41:30","slug":"se-registra-sismo-en-acapulco-magnitud-6-9-se-siente-en-veracruz","status":"publish","type":"post","link":"https:\/\/nvnoticias.mx\/index.php\/2021\/09\/07\/se-registra-sismo-en-acapulco-magnitud-6-9-se-siente-en-veracruz\/","title":{"rendered":"Se registra sismo en Acapulco magnitud 7.1, se siente en Veracruz"},"content":{"rendered":"\n<p>Un sismo de magnitud&nbsp;preliminar 6.9 sacude Acapulco inform\u00f3 el Servicio Meteotol\u00f3gico Nacional en su cuenta de Twitter; el temblor fue perceptible en varios estados de la Rep\u00fablica.&nbsp; <\/p>\n\n\n\n<p>Usuarios en redes sociales compartieron im\u00e1genes de gente saliendo de sus casas ante el temor del movimiento que se sinti\u00f3 en varias partes del pa\u00eds.&nbsp; <\/p>\n\n\n\n<figure class=\"wp-block-embed is-type-rich is-provider-twitter wp-block-embed-twitter\"><div class=\"wp-block-embed__wrapper\">\n<blockquote class=\"twitter-tweet\" data-width=\"550\" data-dnt=\"true\"><p lang=\"es\" dir=\"ltr\">Preliminar: SISMO Magnitud 6.9 Loc  14 km al SURESTE de ACAPULCO, GRO 07\/09\/21 20:47:47 Lat 16.82 Lon -99.78 Pf 10 km <a href=\"https:\/\/t.co\/3xvX65iylc\">pic.twitter.com\/3xvX65iylc<\/a><\/p>&mdash; Sismol\u00f3gico Nacional (@SSNMexico) <a href=\"https:\/\/twitter.com\/SSNMexico\/status\/1435420654828806147?ref_src=twsrc%5Etfw\">September 8, 2021<\/a><\/blockquote><script async src=\"https:\/\/platform.twitter.com\/widgets.js\" charset=\"utf-8\"><\/script>\n<\/div><\/figure>\n\n\n\n<p>El sismo se percibi\u00f3 fuertemente en el municipio de Veracruz y zonas aleda\u00f1as, por lo que de inmediato el Presidente Municipal Fernando Yunes M\u00e1rquez ha coordinado esfuerzos con las unidades de la Direcci\u00f3n de Protecci\u00f3n Civil para realizar recorridos de supervisi\u00f3n en el municipio.<\/p>\n\n\n\n<p>A trav\u00e9s de las redes sociales oficiales, el mun\u00edcipe inform\u00f3 \u201cno se reportan da\u00f1os, en unos minutos m\u00e1s podremos tener una evaluaci\u00f3n m\u00e1s certera. Cualquier reporte hacerlo al 200-2000\u201d.<\/p>\n\n\n\n<p>Indic\u00f3 que las unidades de Protecci\u00f3n Civil, Polic\u00eda y Tr\u00e1nsito municipal ya se encuentran monitoreando las calles e instalaciones estrat\u00e9gicas, as\u00ed como hospitales y el Aeropuerto Internacional de Veracruz.<\/p>\n\n\n\n<p>El H. Ayuntamiento de Veracruz pone a disposici\u00f3n los tel\u00e9fonos 2002270 y 2002271 para cualquier reporte de da\u00f1o o auxilio.<\/p>\n\n\n\n<p>Fuente: Milenio<\/p>\n","protected":false},"excerpt":{"rendered":"<p>Un sismo de magnitud&nbsp;preliminar 6.9 sacude Acapulco inform\u00f3 el Servicio Meteotol\u00f3gico Nacional en su cuenta de Twitter; el temblor fue perceptible en varios estados de la Rep\u00fablica.&nbsp; Usuarios en redes sociales compartieron im\u00e1genes de gente saliendo de sus casas ante el temor del movimiento que se sinti\u00f3 en varias partes del pa\u00eds.&nbsp; El sismo se [&hellip;]<\/p>\n","protected":false},"author":6,"featured_media":23887,"comment_status":"open","ping_status":"open","sticky":false,"template":"","format":"standard","meta":{"_monsterinsights_skip_tracking":false,"_monsterinsights_sitenote_active":false,"_monsterinsights_sitenote_note":"","_monsterinsights_sitenote_category":0,"footnotes":""},"categories":[157],"tags":[162],"class_list":["post-23885","post","type-post","status-publish","format-standard","has-post-thumbnail","hentry","category-nacional","tag-portada","wp-image-borders"],"amp_enabled":true,"_links":{"self":[{"href":"https:\/\/nvnoticias.mx\/index.php\/wp-json\/wp\/v2\/posts\/23885","targetHints":{"allow":["GET"]}}],"collection":[{"href":"https:\/\/nvnoticias.mx\/index.php\/wp-json\/wp\/v2\/posts"}],"about":[{"href":"https:\/\/nvnoticias.mx\/index.php\/wp-json\/wp\/v2\/types\/post"}],"author":[{"embeddable":true,"href":"https:\/\/nvnoticias.mx\/index.php\/wp-json\/wp\/v2\/users\/6"}],"replies":[{"embeddable":true,"href":"https:\/\/nvnoticias.mx\/index.php\/wp-json\/wp\/v2\/comments?post=23885"}],"version-history":[{"count":3,"href":"https:\/\/nvnoticias.mx\/index.php\/wp-json\/wp\/v2\/posts\/23885\/revisions"}],"predecessor-version":[{"id":23889,"href":"https:\/\/nvnoticias.mx\/index.php\/wp-json\/wp\/v2\/posts\/23885\/revisions\/23889"}],"wp:featuredmedia":[{"embeddable":true,"href":"https:\/\/nvnoticias.mx\/index.php\/wp-json\/wp\/v2\/media\/23887"}],"wp:attachment":[{"href":"https:\/\/nvnoticias.mx\/index.php\/wp-json\/wp\/v2\/media?parent=23885"}],"wp:term":[{"taxonomy":"category","embeddable":true,"href":"https:\/\/nvnoticias.mx\/index.php\/wp-json\/wp\/v2\/categories?post=23885"},{"taxonomy":"post_tag","embeddable":true,"href":"https:\/\/nvnoticias.mx\/index.php\/wp-json\/wp\/v2\/tags?post=23885"}],"curies":[{"name":"wp","href":"https:\/\/api.w.org\/{rel}","templated":true}]}}