{"id":23807,"date":"2021-09-07T09:25:10","date_gmt":"2021-09-07T14:25:10","guid":{"rendered":"https:\/\/nvnoticias.mx\/?p=23807"},"modified":"2021-09-07T09:25:59","modified_gmt":"2021-09-07T14:25:59","slug":"tercera-ola-covid-en-mexico-se-mantiene-a-la-baja-lopez-gatell","status":"publish","type":"post","link":"https:\/\/nvnoticias.mx\/index.php\/2021\/09\/07\/tercera-ola-covid-en-mexico-se-mantiene-a-la-baja-lopez-gatell\/","title":{"rendered":"Tercera ola covid en M\u00e9xico se mantiene a la baja: L\u00f3pez-Gatell"},"content":{"rendered":"\n<p>La\u00a0tercera ola de\u00a0Covid-19\u00a0se mantiene a la baja, inform\u00f3 el\u00a0subsecretario de Prevenci\u00f3n y Promoci\u00f3n de la Salud, Hugo L\u00f3pez-Gatell Ram\u00edrez,\u00a0detall\u00f3 que tanto n\u00famero de\u00a0casos\u00a0estimados a\u00a0coronavirus\u00a0como hospitalizaciones por la\u00a0enfermedad\u00a0han disminuido.<\/p>\n\n\n\n<blockquote class=\"wp-block-quote is-layout-flow wp-block-quote-is-layout-flow\"><p>\u201cPor cuarta semana se mantiene y acelera la reducci\u00f3n de casos estimados en el pa\u00eds, lo vemos de manera consistente, abrimos la semana 34 con reducci\u00f3n de 26% que se mantuvo en los primeros d\u00edas, de domingo a la fecha, la hospitalizaci\u00f3n va reduciendo, ingresan menos personas de las que se dan de alta y salen con \u00e9xito\u201d.<\/p><\/blockquote>\n\n\n\n<p>Al presentar el Pulso de la\u00a0Salud, el funcionario indic\u00f3 que el regreso a clases presenciales no ha tenido un efecto negativo con respecto a\u00a0Covid-19.<\/p>\n\n\n\n<blockquote class=\"wp-block-quote is-layout-flow wp-block-quote-is-layout-flow\"><p>\u201cHasta el momento lo podemos ver en coordinaci\u00f3n con la Secretar\u00eda de Educaci\u00f3n, no hay evidencia de que hayan repercutido en incremento de casos y vemos que la representaci\u00f3n de ni\u00f1os es considerablemente peque\u00f1a con porcentajes menores a 10%\u201d.<\/p><\/blockquote>\n\n\n\n<p>Finalmente, coment\u00f3 que la vacunaci\u00f3n contra coronavirus contin\u00faa con un ritmo promedio de 500 mil dosis por d\u00eda y se prev\u00e9 que para esta semana lleguen m\u00e1s de 1 mill\u00f3n de dosis para ser aplicadas entre los\u00a0mexicanos.<\/p>\n\n\n\n<blockquote class=\"wp-block-quote is-layout-flow wp-block-quote-is-layout-flow\"><p>\u201cHemos estimado que el 31 de octubre habremos vacunado a la poblaci\u00f3n de 18 a\u00f1os en adelante, con al menos una dosis, a la fecha se han aplicado 87 millones 750 mil 381 dosis, lo que equivale casi a\u00a059 millones 334 mil 974 personas,\u00a0es decir 66%, dos terceras partes de personas adultas mexicanas contra Covid-19\u201d, agreg\u00f3.<\/p><\/blockquote>\n\n\n\n<p>Fuente: El Universal<\/p>\n","protected":false},"excerpt":{"rendered":"<p>La\u00a0tercera ola de\u00a0Covid-19\u00a0se mantiene a la baja, inform\u00f3 el\u00a0subsecretario de Prevenci\u00f3n y Promoci\u00f3n de la Salud, Hugo L\u00f3pez-Gatell Ram\u00edrez,\u00a0detall\u00f3 que tanto n\u00famero de\u00a0casos\u00a0estimados a\u00a0coronavirus\u00a0como hospitalizaciones por la\u00a0enfermedad\u00a0han disminuido. \u201cPor cuarta semana se mantiene y acelera la reducci\u00f3n de casos estimados en el pa\u00eds, lo vemos de manera consistente, abrimos la semana 34 con reducci\u00f3n de [&hellip;]<\/p>\n","protected":false},"author":6,"featured_media":23808,"comment_status":"open","ping_status":"open","sticky":false,"template":"","format":"standard","meta":{"_monsterinsights_skip_tracking":false,"_monsterinsights_sitenote_active":false,"_monsterinsights_sitenote_note":"","_monsterinsights_sitenote_category":0,"footnotes":""},"categories":[157],"tags":[175,1010,162,2436],"class_list":["post-23807","post","type-post","status-publish","format-standard","has-post-thumbnail","hentry","category-nacional","tag-covid-19","tag-hugo-lopez-gatell","tag-portada","tag-tercera-ola","wp-image-borders"],"amp_enabled":true,"_links":{"self":[{"href":"https:\/\/nvnoticias.mx\/index.php\/wp-json\/wp\/v2\/posts\/23807","targetHints":{"allow":["GET"]}}],"collection":[{"href":"https:\/\/nvnoticias.mx\/index.php\/wp-json\/wp\/v2\/posts"}],"about":[{"href":"https:\/\/nvnoticias.mx\/index.php\/wp-json\/wp\/v2\/types\/post"}],"author":[{"embeddable":true,"href":"https:\/\/nvnoticias.mx\/index.php\/wp-json\/wp\/v2\/users\/6"}],"replies":[{"embeddable":true,"href":"https:\/\/nvnoticias.mx\/index.php\/wp-json\/wp\/v2\/comments?post=23807"}],"version-history":[{"count":2,"href":"https:\/\/nvnoticias.mx\/index.php\/wp-json\/wp\/v2\/posts\/23807\/revisions"}],"predecessor-version":[{"id":23810,"href":"https:\/\/nvnoticias.mx\/index.php\/wp-json\/wp\/v2\/posts\/23807\/revisions\/23810"}],"wp:featuredmedia":[{"embeddable":true,"href":"https:\/\/nvnoticias.mx\/index.php\/wp-json\/wp\/v2\/media\/23808"}],"wp:attachment":[{"href":"https:\/\/nvnoticias.mx\/index.php\/wp-json\/wp\/v2\/media?parent=23807"}],"wp:term":[{"taxonomy":"category","embeddable":true,"href":"https:\/\/nvnoticias.mx\/index.php\/wp-json\/wp\/v2\/categories?post=23807"},{"taxonomy":"post_tag","embeddable":true,"href":"https:\/\/nvnoticias.mx\/index.php\/wp-json\/wp\/v2\/tags?post=23807"}],"curies":[{"name":"wp","href":"https:\/\/api.w.org\/{rel}","templated":true}]}}