{"id":23703,"date":"2021-09-06T08:03:57","date_gmt":"2021-09-06T13:03:57","guid":{"rendered":"https:\/\/nvnoticias.mx\/?p=23703"},"modified":"2021-09-06T08:03:57","modified_gmt":"2021-09-06T13:03:57","slug":"la-iberosfera-que-duro-siete-horas","status":"publish","type":"post","link":"https:\/\/nvnoticias.mx\/index.php\/2021\/09\/06\/la-iberosfera-que-duro-siete-horas\/","title":{"rendered":"La iberosfera que duro siete horas"},"content":{"rendered":"\n<p><strong>Dr. Edgard Gonz\u00e1lez Su\u00e1rez<\/strong><\/p>\n\n\n\n<p>\u00bfAlguien ha o\u00eddo el termino&nbsp;iberosfera? No, nadie seguramente.&nbsp;<\/p>\n\n\n\n<p>\u00bfSabe alguien que significa ese t\u00e9rmino al que de manera bastante torpe y miope se han adscrito varios panistas?&nbsp;<\/p>\n\n\n\n<p>Es muy probable que en M\u00e9xico sea parcialmente desconocida la agrupaci\u00f3n ultraderechista, xen\u00f3foba y mon\u00e1rquica espa\u00f1ola llamada VOX. A\u00fan en Europa, si bien conocida, esa agrupaci\u00f3n genera toda clase de suspicacias, temores y deslindes, tanto de liberales como de dem\u00f3cratas de centro derecha.&nbsp;<\/p>\n\n\n\n<p>Pues s\u00ed, cuando en M\u00e9xico m\u00e1s necesidad hay de una articulaci\u00f3n ideol\u00f3gica de la oposici\u00f3n, un grupo de trasnochados, y perdidos senadores militantes del Partido Acci\u00f3n Nacional, decidieron firmar la Carta de Madrid. Un documento que tiene su origen precisamente en la articulaci\u00f3n discursiva de la extrema derecha espa\u00f1ola, que falta har\u00eda decirlo, se constituye principalmente por monarquistas, fascistas-franquistas, y ultracat\u00f3licos espa\u00f1oles; y que han decidido llevar su carta a firma internacional por \u201cl\u00edderes y personalidades de la derecha en varias partes del mundo\u201d. Dicho documento sostiene que tienen por objetivo \u201cfrenar el crecimiento del comunismo\u201d (un movimiento pol\u00edtico-ideol\u00f3gico, seg\u00fan ellos, que busca eliminar la propiedad privada y las clases sociales).&nbsp;<\/p>\n\n\n\n<p>Ese partido (VOX) es una escisi\u00f3n del Partido Popular, el hist\u00f3rico partido espa\u00f1ol de centro derecha, constitucionalista, que pretende defender las libertades y la democracia espa\u00f1ola. Pero esta declaraci\u00f3n, entre otras, es precisamente la que aparece en la llamada Carta de Madrid. \u00bfPor qu\u00e9, la famosa carta, no la firma, ni la promueve el Partido Popular?&nbsp;<\/p>\n\n\n\n<p>Lo que distingue a ambas agrupaciones no son los loables prop\u00f3sitos de libertad y democracia, sino las metodolog\u00edas y por su puesto los significados espec\u00edficos que ambas agrupaciones dan a esos t\u00e9rminos.&nbsp;<\/p>\n\n\n\n<p>El triunfo electoral de la izquierda y el progresismo en Espa\u00f1a en 2019, la alianza pol\u00edtica parlamentaria entre el PSOE, Podemos, Izquierda Unida y los partidos gallegos, vascos y catalanes, significaron la ruptura pol\u00edtico-ideol\u00f3gica en la derecha espa\u00f1ola. Y en consecuencia la financiaci\u00f3n de los grandes poderes territoriales, industriales y medi\u00e1ticos de VOX, es decir, el partido pol\u00edtico que es la voz de los multimillonarios y terratenientes espa\u00f1oles.&nbsp;<\/p>\n\n\n\n<p>Sus m\u00e9todos de lucha han significado el extraordinario recurso propagand\u00edstico para inflar e inventar un enemigo terror\u00edfico, de Espa\u00f1a y de la&nbsp;iberosfera&nbsp;-el comunismo- y un super h\u00e9roe infalible a las balas y a la corrupci\u00f3n -el Ej\u00e9rcito, la Monarqu\u00eda y la Iglesia Espa\u00f1ola-.&nbsp;<\/p>\n\n\n\n<p>Su lucha discursiva permanente en contra del progresismo, a quienes ellos califican de \u201cChavismo\u201d, en contra de la diversidad sexual, a quienes ellos califican del lobby internacional homosexual; su lucha propagand\u00edstica en contra de la migraci\u00f3n y los movimientos terrestres de personas, a quienes ellos califican de \u201cladrones, violadores y vividores\u201d del bienestar de otros pueblos. De igual manera encaran una lucha propagand\u00edstica contra los \u201cextranjeros\u201d, principalmente del r\u00e9gimen chino, quien dicen ellos \u201cfabric\u00f3\u201d el coronavirus para dominar al mundo; y por supuesto, mantienen una lucha propagand\u00edstica en contra de George Soros, un magnate norteamericano, qu\u00e9 seg\u00fan sus propios conceptos, es promotor del \u201ccaos\u201d y del \u201cdesorden\u201d internacional para seguir enriqueci\u00e9ndose con la venta de armas y de drogas.&nbsp;<\/p>\n\n\n\n<p>Pues esta belleza, esta seriedad y sobre todo estos conceptos son los que definen a VOX, partido con el que el PAN decidi\u00f3 firmar una alianza para unirse a esa lucha.&nbsp;<\/p>\n\n\n\n<p>A perd\u00f3n, varios senadores panistas encabezados por el inc\u00f3lume, fofo, e in\u00fatil senador veracruzano, Julen Rementeria, sali\u00f3 a presumir su iniciativa pol\u00edtica, supongo que deben estar muy desesperados por \u201chacer algo\u201d, que Marco Cort\u00e9s dej\u00f3 en manos de Julen semejante acto pol\u00edtico. Cuando se dieron cuenta, la pifia que hab\u00edan cometido, vinieron m\u00e1s de 100 deslindes de panistas prominentes -empezando por Felipe Calder\u00f3n- desconociendo el acto, la iniciativa y por supuesto destacando que el Partido Acci\u00f3n Nacional no ten\u00eda nada que ver con semejante lance ideol\u00f3gico.&nbsp;<\/p>\n\n\n\n<p>La pifia ya la hab\u00edan cometido, la cara sonriente de Julen y de Santiago Abascal, l\u00edder de VOX, los muestra nerviosos pero decididos. Siete horas m\u00e1s tarde, el propio Julen Rementeria, un don nadie dentro de Acci\u00f3n Nacional, tuvo que salir a desdecirse, y a asumir que fue una iniciativa para los que de manera voluntaria e individual quisieran aliarse a la Carta de Madrid y a VOX, en su lucha quijotesca contra el comunismo globalista que se apodera de la&nbsp;iberosfera.&nbsp;<\/p>\n","protected":false},"excerpt":{"rendered":"<p>Dr. Edgard Gonz\u00e1lez Su\u00e1rez \u00bfAlguien ha o\u00eddo el termino&nbsp;iberosfera? No, nadie seguramente.&nbsp; \u00bfSabe alguien que significa ese t\u00e9rmino al que de manera bastante torpe y miope se han adscrito varios panistas?&nbsp; Es muy probable que en M\u00e9xico sea parcialmente desconocida la agrupaci\u00f3n ultraderechista, xen\u00f3foba y mon\u00e1rquica espa\u00f1ola llamada VOX. A\u00fan en Europa, si bien conocida, [&hellip;]<\/p>\n","protected":false},"author":26,"featured_media":23704,"comment_status":"open","ping_status":"open","sticky":false,"template":"","format":"standard","meta":{"_monsterinsights_skip_tracking":false,"_monsterinsights_sitenote_active":false,"_monsterinsights_sitenote_note":"","_monsterinsights_sitenote_category":0,"footnotes":""},"categories":[242],"tags":[702],"class_list":["post-23703","post","type-post","status-publish","format-standard","has-post-thumbnail","hentry","category-macroscopio","tag-edgard-gonzalez-suarez","wp-image-borders"],"amp_enabled":true,"_links":{"self":[{"href":"https:\/\/nvnoticias.mx\/index.php\/wp-json\/wp\/v2\/posts\/23703","targetHints":{"allow":["GET"]}}],"collection":[{"href":"https:\/\/nvnoticias.mx\/index.php\/wp-json\/wp\/v2\/posts"}],"about":[{"href":"https:\/\/nvnoticias.mx\/index.php\/wp-json\/wp\/v2\/types\/post"}],"author":[{"embeddable":true,"href":"https:\/\/nvnoticias.mx\/index.php\/wp-json\/wp\/v2\/users\/26"}],"replies":[{"embeddable":true,"href":"https:\/\/nvnoticias.mx\/index.php\/wp-json\/wp\/v2\/comments?post=23703"}],"version-history":[{"count":1,"href":"https:\/\/nvnoticias.mx\/index.php\/wp-json\/wp\/v2\/posts\/23703\/revisions"}],"predecessor-version":[{"id":23705,"href":"https:\/\/nvnoticias.mx\/index.php\/wp-json\/wp\/v2\/posts\/23703\/revisions\/23705"}],"wp:featuredmedia":[{"embeddable":true,"href":"https:\/\/nvnoticias.mx\/index.php\/wp-json\/wp\/v2\/media\/23704"}],"wp:attachment":[{"href":"https:\/\/nvnoticias.mx\/index.php\/wp-json\/wp\/v2\/media?parent=23703"}],"wp:term":[{"taxonomy":"category","embeddable":true,"href":"https:\/\/nvnoticias.mx\/index.php\/wp-json\/wp\/v2\/categories?post=23703"},{"taxonomy":"post_tag","embeddable":true,"href":"https:\/\/nvnoticias.mx\/index.php\/wp-json\/wp\/v2\/tags?post=23703"}],"curies":[{"name":"wp","href":"https:\/\/api.w.org\/{rel}","templated":true}]}}