{"id":23631,"date":"2021-09-05T08:58:59","date_gmt":"2021-09-05T13:58:59","guid":{"rendered":"https:\/\/nvnoticias.mx\/?p=23631"},"modified":"2021-09-05T08:59:01","modified_gmt":"2021-09-05T13:59:01","slug":"piden-volver-veteranos-mexicanos-que-sirvieron-a-eu-y-fueron-deportados","status":"publish","type":"post","link":"https:\/\/nvnoticias.mx\/index.php\/2021\/09\/05\/piden-volver-veteranos-mexicanos-que-sirvieron-a-eu-y-fueron-deportados\/","title":{"rendered":"Piden volver Veteranos mexicanos que sirvieron a EU y fueron deportados"},"content":{"rendered":"\n<p>Desterrados de Estados Unidos, pa\u00eds al que juraron proteger de cualquier amenaza y enemigo, a pesar de nacer en otro pa\u00eds, cientos de veteranos de guerra han sido abandonados a su suerte en M\u00e9xico, un pa\u00eds que, parad\u00f3jicamente, no conocen. <\/p>\n\n\n\n<p>En Tijuana hay un grupo de soldados de origen mexicano que fueron deportados por San Diego, California, de la noche a la ma\u00f1ana.\u00a0De M\u00e9xico salieron cuando eran unos ni\u00f1os, sin casa, sin trabajo y hablando nada o casi nada de espa\u00f1ol. <\/p>\n\n\n\n<p>A pesar de haberse puesto un uniforme militar y defender con su vida la m\u00e1xima de &#8220;nadie se queda atr\u00e1s &#8220;que es como un mantra entre cada elemento de las fuerzas armadas estadunidenses, ahora, estos veteranos deportados se sienten traicionados, y lamentan que s\u00ed, a pesar de todo, los dejaron atr\u00e1s. <\/p>\n\n\n\n<blockquote class=\"wp-block-quote is-layout-flow wp-block-quote-is-layout-flow\"><p>&#8220;Para m\u00ed completamente es injusto despu\u00e9s de haber servido a la naci\u00f3n, exponiendo sus vidas (&#8230;) En este proceso me sent\u00eda traicionado en el sentido de que toda mi vida la hab\u00eda hecho all\u00e1 y comet\u00ed una falla, comet\u00ed un error, y por ese error me est\u00e1n deportando&#8221;, dice en entrevista con MILENIO Albino, un veterano deportado que ahora pasa sus d\u00edas en Tijuana trabajando como traductor tras un incidente de violencia familiar que lo desterr\u00f3 de Estados Unidos. <\/p><\/blockquote>\n\n\n\n<p>El n\u00famero de veteranos del ej\u00e9rcito estadunidense que fueron deportados a M\u00e9xico no es claro, algunos activistas hablan que podr\u00edan ser cientos, repartidos especialmente en ciudades fronterizas como Tijuana y Ciudad Ju\u00e1rez, pero es una de las primeras tareas pendientes en la materia: la realizaci\u00f3n de un censo, y despu\u00e9s, la revisi\u00f3n caso por caso. Se conoce que hay veteranos deportados viviendo en m\u00e1s de 30 pa\u00edses diferentes incluyendo, adem\u00e1s de M\u00e9xico, lugares como Vietnam, India, Italia, y algunas naciones de Centroam\u00e9rica como El Salvador, Honduras, Guatemala y Nicaragua. Por lo que la cifra podr\u00eda llegar a miles. <\/p>\n\n\n\n<blockquote class=\"wp-block-quote is-layout-flow wp-block-quote-is-layout-flow\"><p>&#8220;Vas, est\u00e1s dispuesto a dar tu vida y en el momento que cometes t\u00fa un error en lugar de ayudarte a rehacer tu vida te dan una patada como si fueras inservible, quit\u00e1ndote cualquier valor, \u00bfpero sabes qu\u00e9? Muchos de los muchachos, a\u00fan con eso, est\u00e1n dispuestos a un d\u00eda seguir peleando si se requiere&#8221;, dice por su parte Robert Vivar, codirector del Centro Unificado de Recursos para Veteranos Deportados de Estados Unidos. <\/p><\/blockquote>\n\n\n\n<p>Despu\u00e9s de a\u00f1os de activismo, que surgi\u00f3 precisamente en Tijuana, actualmente el gobierno de Joe Biden est\u00e1 tomando medidas oficiales para ayudar a los veteranos deportados a regresar a Estados Unidos. Se planea, seg\u00fan ha dicho la administraci\u00f3n dem\u00f3crata, hacer una revisi\u00f3n de la pol\u00edtica migratoria para permitirles regresar a casa y se planea tambi\u00e9n eliminar las barreras para que los militares, por fin, se naturalicen al pa\u00eds que juraron proteger. <\/p>\n\n\n\n<p>Fuente: Milenio <\/p>\n","protected":false},"excerpt":{"rendered":"<p>Desterrados de Estados Unidos, pa\u00eds al que juraron proteger de cualquier amenaza y enemigo, a pesar de nacer en otro pa\u00eds, cientos de veteranos de guerra han sido abandonados a su suerte en M\u00e9xico, un pa\u00eds que, parad\u00f3jicamente, no conocen. En Tijuana hay un grupo de soldados de origen mexicano que fueron deportados por San [&hellip;]<\/p>\n","protected":false},"author":35,"featured_media":23634,"comment_status":"open","ping_status":"open","sticky":false,"template":"","format":"standard","meta":{"_monsterinsights_skip_tracking":false,"_monsterinsights_sitenote_active":false,"_monsterinsights_sitenote_note":"","_monsterinsights_sitenote_category":0,"footnotes":""},"categories":[181],"tags":[183,182,3361,5972],"class_list":["post-23631","post","type-post","status-publish","format-standard","has-post-thumbnail","hentry","category-internacional","tag-estados-unidos","tag-joe-biden","tag-tijuana","tag-veteranos","wp-image-borders"],"amp_enabled":true,"_links":{"self":[{"href":"https:\/\/nvnoticias.mx\/index.php\/wp-json\/wp\/v2\/posts\/23631","targetHints":{"allow":["GET"]}}],"collection":[{"href":"https:\/\/nvnoticias.mx\/index.php\/wp-json\/wp\/v2\/posts"}],"about":[{"href":"https:\/\/nvnoticias.mx\/index.php\/wp-json\/wp\/v2\/types\/post"}],"author":[{"embeddable":true,"href":"https:\/\/nvnoticias.mx\/index.php\/wp-json\/wp\/v2\/users\/35"}],"replies":[{"embeddable":true,"href":"https:\/\/nvnoticias.mx\/index.php\/wp-json\/wp\/v2\/comments?post=23631"}],"version-history":[{"count":2,"href":"https:\/\/nvnoticias.mx\/index.php\/wp-json\/wp\/v2\/posts\/23631\/revisions"}],"predecessor-version":[{"id":23633,"href":"https:\/\/nvnoticias.mx\/index.php\/wp-json\/wp\/v2\/posts\/23631\/revisions\/23633"}],"wp:featuredmedia":[{"embeddable":true,"href":"https:\/\/nvnoticias.mx\/index.php\/wp-json\/wp\/v2\/media\/23634"}],"wp:attachment":[{"href":"https:\/\/nvnoticias.mx\/index.php\/wp-json\/wp\/v2\/media?parent=23631"}],"wp:term":[{"taxonomy":"category","embeddable":true,"href":"https:\/\/nvnoticias.mx\/index.php\/wp-json\/wp\/v2\/categories?post=23631"},{"taxonomy":"post_tag","embeddable":true,"href":"https:\/\/nvnoticias.mx\/index.php\/wp-json\/wp\/v2\/tags?post=23631"}],"curies":[{"name":"wp","href":"https:\/\/api.w.org\/{rel}","templated":true}]}}